{"id":3563,"date":"2025-10-25T20:15:06","date_gmt":"2025-10-25T20:15:06","guid":{"rendered":"https:\/\/www.muzejsarajeva.ba\/?p=3563"},"modified":"2025-10-28T19:09:52","modified_gmt":"2025-10-28T19:09:52","slug":"sarajevo-kroz-objektiv-nusreta-halacevica","status":"publish","type":"post","link":"https:\/\/www.muzejsarajeva.ba\/en\/2025\/10\/25\/sarajevo-kroz-objektiv-nusreta-halacevica\/","title":{"rendered":"\u201cSarajevo kroz objektiv Nusreta Hala\u010devi\u0107a\u201d"},"content":{"rendered":"<div class=\"wpb-content-wrapper\"><div class=\"vc_row wpb_row vc_row-fluid bg-image-ps-inherit\"><div class=\"wpb_column vc_column_container vc_col-sm-12\"><div class=\"vc_column-inner\"><div class=\"wpb_wrapper\"><div id=\"ct-heading\" class=\"ct-heading  style1 align-left align-left-md align-left-sm align-left-xs\">\n    \n            <h4 class=\"ct-heading-tag\" >\n        \u201cSarajevo kroz objektiv Nusreta Hala\u010devi\u0107a\u201d    <\/h4>\n        <\/div>\n\t<div class=\"wpb_text_column wpb_content_element\" >\n\t\t<div class=\"wpb_wrapper\">\n\t\t\t<p>\u201cSarajevo kroz objektiv Nusreta Hala\u010devi\u0107a\u201d<br \/>\n19.8.2025. u 13:00, Brusa bezistan<br \/>\nAutor izlo\u017ebe: Igor Radovanovi\u0107, vi\u0161i kustos<\/p>\n<p>Nusret Hala\u010devi\u0107 \u2013 jedan od prvih fotografa u Sarajevu i prvi diplomirani fotograf \u2013 zapo\u010deo je svoj put dvadesetih godina pro\u0161log stolje\u0107a. Diplomirao je fotografiju u Firenci 1931, a ve\u0107 1934. osvojio Zlatnu medalju na me\u0111unarodnoj izlo\u017ebi fotografije.<br \/>\nU svojoj radnji na Ba\u0161\u010dar\u0161iji, preko puta Vije\u0107nice, bilje\u017eio je panorame Sarajeva, znamenitosti i svakodnevni \u017eivot, ostavljaju\u0107i budu\u0107im generacijama crno-bijelu hroniku grada. Njegov objektiv sa\u010duvao je trenutke koji pri\u010daju pri\u010du o gradu kakav je nekad bio.<\/p>\n<p>Prenosimo dio teksta koji je za katalog pomenute izlo\u017ebe napisala Indira Ku\u010duk-Sorgu\u010d, direktorica Muzeja Sarajeva:<br \/>\n\u201cIpak, Hala\u010devi\u0107ev najve\u0107i doprinos le\u017ei u njegovoj sposobnosti da kroz objektiv o\u017eivi Sarajevo \u2013 grad strmovitih mahala i sokaka, \u010dar\u0161ije u kojoj otkucaji ljudskih srca dr\u017ee isti ritam sa otkucajima nebeskih satova, grad d\u017eamija, crkava, sinagoga i mostova, ali i grad onih Sarajlija i Sarajki \u010dije su pri\u010de ispri\u010dane u ti\u0161ini njegovih fotografija. Njegove slike, sa\u010duvane u Muzeju Sarajeva i privatnim zbirkama, poput onih Koste Mandi\u0107a, Stojana Petrovi\u0107a, potomaka \u0161ire porodice Hala\u010devi\u0107 i prof. dr. Selme Rizvi\u0107, nisu samo tehni\u010dki artefakti; one su prozor u pro\u0161lost, u vrijeme kada je Sarajevo pulsiralo jedinstvenim ritmom.\u201d<\/p>\n<p>Pozivamo vas da kroz njegove fotografije zakora\u010dite u pro\u0161lost Sarajeva i osjetite duh jednog vremena. Dobro do\u0161li!<\/p>\n\n\t\t<\/div>\n\t<\/div>\n<\/div><\/div><\/div><\/div><div class=\"vc_row wpb_row vc_row-fluid bg-image-ps-inherit\"><div class=\"wpb_column vc_column_container vc_col-sm-12\"><div class=\"vc_column-inner\"><div class=\"wpb_wrapper\">\n\t<div  class=\"wpb_single_image wpb_content_element vc_align_center wpb_content_element inherit inherit\">\n\t\t\n\t\t<figure class=\"wpb_wrapper vc_figure\">\n\t\t\t<div class=\"vc_single_image-wrapper default  vc_box_border_grey\"><img loading=\"lazy\" decoding=\"async\" width=\"640\" height=\"867\" src=\"https:\/\/www.muzejsarajeva.ba\/wp-content\/uploads\/2025\/10\/Igorova-izlozba-664x900-1.jpg\" class=\"vc_single_image-img attachment-large\" alt=\"\" title=\"Igorova-izlozba-664x900\" srcset=\"https:\/\/www.muzejsarajeva.ba\/wp-content\/uploads\/2025\/10\/Igorova-izlozba-664x900-1.jpg 664w, https:\/\/www.muzejsarajeva.ba\/wp-content\/uploads\/2025\/10\/Igorova-izlozba-664x900-1-9x12.jpg 9w\" sizes=\"auto, (max-width: 640px) 100vw, 640px\" \/><\/div>\n\t\t<\/figure>\n\t<\/div>\n<\/div><\/div><\/div><\/div>\n<\/div>","protected":false},"excerpt":{"rendered":"\u201cSarajevo kroz objektiv Nusreta Hala\u010devi\u0107a\u201d \u201cSarajevo kroz objektiv Nusreta Hala\u010devi\u0107a\u201d 19.8.2025. u 13:00, Brusa bezistan Autor izlo\u017ebe: Igor Radovanovi\u0107, vi\u0161i kustos Nusret Hala\u010devi\u0107 \u2013 jedan od prvih fotografa u Sarajevu i prvi diplomirani fotograf \u2013 zapo\u010deo je svoj put dvadesetih godina pro\u0161log stolje\u0107a. Diplomirao je fotografiju u Firenci 1931, a ve\u0107 1934. osvojio Zlatnu medalju [...]","protected":false},"author":3,"featured_media":0,"comment_status":"closed","ping_status":"closed","sticky":false,"template":"","format":"standard","meta":{"footnotes":""},"categories":[121,97],"tags":[],"class_list":["post-3563","post","type-post","status-publish","format-standard","hentry","category-izlozbe","category-novosti"],"_links":{"self":[{"href":"https:\/\/www.muzejsarajeva.ba\/en\/wp-json\/wp\/v2\/posts\/3563","targetHints":{"allow":["GET"]}}],"collection":[{"href":"https:\/\/www.muzejsarajeva.ba\/en\/wp-json\/wp\/v2\/posts"}],"about":[{"href":"https:\/\/www.muzejsarajeva.ba\/en\/wp-json\/wp\/v2\/types\/post"}],"author":[{"embeddable":true,"href":"https:\/\/www.muzejsarajeva.ba\/en\/wp-json\/wp\/v2\/users\/3"}],"replies":[{"embeddable":true,"href":"https:\/\/www.muzejsarajeva.ba\/en\/wp-json\/wp\/v2\/comments?post=3563"}],"version-history":[{"count":1,"href":"https:\/\/www.muzejsarajeva.ba\/en\/wp-json\/wp\/v2\/posts\/3563\/revisions"}],"predecessor-version":[{"id":3565,"href":"https:\/\/www.muzejsarajeva.ba\/en\/wp-json\/wp\/v2\/posts\/3563\/revisions\/3565"}],"wp:attachment":[{"href":"https:\/\/www.muzejsarajeva.ba\/en\/wp-json\/wp\/v2\/media?parent=3563"}],"wp:term":[{"taxonomy":"category","embeddable":true,"href":"https:\/\/www.muzejsarajeva.ba\/en\/wp-json\/wp\/v2\/categories?post=3563"},{"taxonomy":"post_tag","embeddable":true,"href":"https:\/\/www.muzejsarajeva.ba\/en\/wp-json\/wp\/v2\/tags?post=3563"}],"curies":[{"name":"wp","href":"https:\/\/api.w.org\/{rel}","templated":true}]}}