{"id":3566,"date":"2025-10-25T20:16:12","date_gmt":"2025-10-25T20:16:12","guid":{"rendered":"https:\/\/www.muzejsarajeva.ba\/?p=3566"},"modified":"2025-10-25T20:16:12","modified_gmt":"2025-10-25T20:16:12","slug":"13-internacionalna-umjetnicka-kolonija-sazvucje-bascarsije-odrzat-ce-se-u-svrzinoj-kuci","status":"publish","type":"post","link":"https:\/\/www.muzejsarajeva.ba\/en\/2025\/10\/25\/13-internacionalna-umjetnicka-kolonija-sazvucje-bascarsije-odrzat-ce-se-u-svrzinoj-kuci\/","title":{"rendered":"13. Internacionalna umjetni\u010dka kolonija \u201cSazvu\u010dje Ba\u0161\u010dar\u0161ije\u201d odr\u017eat \u0107e se u Svrzinoj ku\u0107i"},"content":{"rendered":"<div class=\"wpb-content-wrapper\"><div class=\"vc_row wpb_row vc_row-fluid bg-image-ps-inherit\"><div class=\"wpb_column vc_column_container vc_col-sm-12\"><div class=\"vc_column-inner\"><div class=\"wpb_wrapper\"><div id=\"ct-heading\" class=\"ct-heading  style1 align-left align-left-md align-left-sm align-left-xs\">\n    \n            <h4 class=\"ct-heading-tag\" >\n        13. Internacionalna umjetni\u010dka kolonija \u201cSazvu\u010dje Ba\u0161\u010dar\u0161ije\u201d odr\u017eat \u0107e se u Svrzinoj ku\u0107i    <\/h4>\n        <\/div>\n\t<div class=\"wpb_text_column wpb_content_element\" >\n\t\t<div class=\"wpb_wrapper\">\n\t\t\t<div>Ovaj tradicionalni doga\u0111aj okuplja umjetnike iz Bosne i Hercegovine i inostranstva, koji \u0107e tokom sedam dana stvarati svoja djela inspirisana bogatom historijom, arhitekturom i duhom Sarajeva.<\/div>\n<div>Projekat zajedni\u010dki realizuju Udru\u017eenje umjetnika Art Colony i Muzej Sarajeva, s ciljem promocije umjetni\u010dkog stvarala\u0161tva i me\u0111ukulturne razmjene.<\/div>\n\n\t\t<\/div>\n\t<\/div>\n<\/div><\/div><\/div><\/div><div class=\"vc_row wpb_row vc_row-fluid bg-image-ps-inherit\"><div class=\"wpb_column vc_column_container vc_col-sm-12\"><div class=\"vc_column-inner\"><div class=\"wpb_wrapper\">\n\t<div  class=\"wpb_single_image wpb_content_element vc_align_center wpb_content_element inherit inherit\">\n\t\t\n\t\t<figure class=\"wpb_wrapper vc_figure\">\n\t\t\t<div class=\"vc_single_image-wrapper default  vc_box_border_grey\"><img loading=\"lazy\" decoding=\"async\" width=\"630\" height=\"900\" src=\"https:\/\/www.muzejsarajeva.ba\/wp-content\/uploads\/2025\/10\/Sazvucje-Bascarsije-630x900-1.jpg\" class=\"vc_single_image-img attachment-large\" alt=\"\" title=\"Sazvucje-Bascarsije-630x900\" srcset=\"https:\/\/www.muzejsarajeva.ba\/wp-content\/uploads\/2025\/10\/Sazvucje-Bascarsije-630x900-1.jpg 630w, https:\/\/www.muzejsarajeva.ba\/wp-content\/uploads\/2025\/10\/Sazvucje-Bascarsije-630x900-1-8x12.jpg 8w\" sizes=\"auto, (max-width: 630px) 100vw, 630px\" \/><\/div>\n\t\t<\/figure>\n\t<\/div>\n<\/div><\/div><\/div><\/div>\n<\/div>","protected":false},"excerpt":{"rendered":"13. Internacionalna umjetni\u010dka kolonija \u201cSazvu\u010dje Ba\u0161\u010dar\u0161ije\u201d odr\u017eat \u0107e se u Svrzinoj ku\u0107i Ovaj tradicionalni doga\u0111aj okuplja umjetnike iz Bosne i Hercegovine i inostranstva, koji \u0107e tokom sedam dana stvarati svoja djela inspirisana bogatom historijom, arhitekturom i duhom Sarajeva. Projekat zajedni\u010dki realizuju Udru\u017eenje umjetnika Art Colony i Muzej Sarajeva, s ciljem promocije umjetni\u010dkog stvarala\u0161tva i me\u0111ukulturne [...]","protected":false},"author":3,"featured_media":0,"comment_status":"closed","ping_status":"closed","sticky":false,"template":"","format":"standard","meta":{"footnotes":""},"categories":[97],"tags":[],"class_list":["post-3566","post","type-post","status-publish","format-standard","hentry","category-novosti"],"_links":{"self":[{"href":"https:\/\/www.muzejsarajeva.ba\/en\/wp-json\/wp\/v2\/posts\/3566","targetHints":{"allow":["GET"]}}],"collection":[{"href":"https:\/\/www.muzejsarajeva.ba\/en\/wp-json\/wp\/v2\/posts"}],"about":[{"href":"https:\/\/www.muzejsarajeva.ba\/en\/wp-json\/wp\/v2\/types\/post"}],"author":[{"embeddable":true,"href":"https:\/\/www.muzejsarajeva.ba\/en\/wp-json\/wp\/v2\/users\/3"}],"replies":[{"embeddable":true,"href":"https:\/\/www.muzejsarajeva.ba\/en\/wp-json\/wp\/v2\/comments?post=3566"}],"version-history":[{"count":1,"href":"https:\/\/www.muzejsarajeva.ba\/en\/wp-json\/wp\/v2\/posts\/3566\/revisions"}],"predecessor-version":[{"id":3568,"href":"https:\/\/www.muzejsarajeva.ba\/en\/wp-json\/wp\/v2\/posts\/3566\/revisions\/3568"}],"wp:attachment":[{"href":"https:\/\/www.muzejsarajeva.ba\/en\/wp-json\/wp\/v2\/media?parent=3566"}],"wp:term":[{"taxonomy":"category","embeddable":true,"href":"https:\/\/www.muzejsarajeva.ba\/en\/wp-json\/wp\/v2\/categories?post=3566"},{"taxonomy":"post_tag","embeddable":true,"href":"https:\/\/www.muzejsarajeva.ba\/en\/wp-json\/wp\/v2\/tags?post=3566"}],"curies":[{"name":"wp","href":"https:\/\/api.w.org\/{rel}","templated":true}]}}