{"id":4433,"date":"2025-11-13T14:07:09","date_gmt":"2025-11-13T14:07:09","guid":{"rendered":"https:\/\/www.muzejsarajeva.ba\/?p=4433"},"modified":"2025-11-17T12:22:14","modified_gmt":"2025-11-17T12:22:14","slug":"muzej-sarajeva-i-savez-bosanskohercegovackih-udruzenja-consilium-bosniacum","status":"publish","type":"post","link":"https:\/\/www.muzejsarajeva.ba\/en\/2025\/11\/13\/muzej-sarajeva-i-savez-bosanskohercegovackih-udruzenja-consilium-bosniacum\/","title":{"rendered":"\u00a0Strengthening Cultural Ties: Meeting Between the Museum of Sarajevo and \"Consilium Bosniacum\""},"content":{"rendered":"<p>The Director of the Museum of Sarajevo, Indira Ku\u010duk-Sorgu\u010d, expressed her joy and pride in recognizing the long-term activities of the Union of Bosnia and Herzegovina Associations \u201cConsilium Bosniacum\u201d. She congratulated its President, Damir A. Sara\u010devi\u0107, on his persistent and dedicated efforts to protect and promote the history, truth, and values of Bosnia and Herzegovina.<\/p>\n\n\n\n<p>The Museum of Sarajevo has participated twice in exhibitions organized within the framework of this Association\u2019s events.<\/p>\n\n\n\n<p>One of the upcoming manifestations is \u201cSevdah on the Danube\u201d, to be held on May 30, 2026, at the Brucknerhaus \u2014 the largest gallery, stage, and concert venue in Linz. Within this event, a significant exhibition space will be dedicated to the Museum of Sarajevo, showcasing the culture, history, and traditions of the capital of Bosnia and Herzegovina.<\/p>\n\n\n\n<p>The organization of this major cultural event will be supported by the Government of the Sarajevo Canton, the Office for Diaspora, the Federal Ministry for Refugees and Displaced Persons, and other institutions. The manifestation aims to present to Austria\u2019s cultural and political establishment the most significant artistic and cultural values of Bosnia and Herzegovina.<\/p>\n\n\n\n<p>On this occasion, Director Ku\u010duk-Sorgu\u010d presented Mr. Sara\u010devi\u0107 with the Museum of Sarajevo\u2019s monograph, \u201c75 Years in the Service of Culture\u201d \u2014 the most comprehensive guide to the Museum\u2019s collections and activities, and a vivid testament to the richness of our history and heritage.<\/p>\n\n\n\n<p>As emphasized by Director Ku\u010duk-Sorgu\u010d, the Museum of Sarajevo strives to serve as a bridge for our diaspora, helping them reconnect with their roots and acting as a representative of Bosnian cultural values abroad.<\/p>\n\n\n\n<p><\/p>\n\n\n\n<figure class=\"wp-block-gallery has-nested-images columns-default is-cropped wp-block-gallery-1 is-layout-flex wp-block-gallery-is-layout-flex\">\n<figure class=\"wp-block-image size-large\"><img loading=\"lazy\" decoding=\"async\" width=\"590\" height=\"443\" data-id=\"4436\" src=\"https:\/\/www.muzejsarajeva.ba\/wp-content\/uploads\/2025\/11\/572436784_122106292125074387_7335079135609766769_n.jpg\" alt=\"\" class=\"wp-image-4436\" srcset=\"https:\/\/www.muzejsarajeva.ba\/wp-content\/uploads\/2025\/11\/572436784_122106292125074387_7335079135609766769_n.jpg 590w, https:\/\/www.muzejsarajeva.ba\/wp-content\/uploads\/2025\/11\/572436784_122106292125074387_7335079135609766769_n-16x12.jpg 16w\" sizes=\"auto, (max-width: 590px) 100vw, 590px\" \/><\/figure>\n\n\n\n<figure class=\"wp-block-image size-large\"><img loading=\"lazy\" decoding=\"async\" width=\"590\" height=\"443\" data-id=\"4437\" src=\"https:\/\/www.muzejsarajeva.ba\/wp-content\/uploads\/2025\/11\/572489019_122106292089074387_7090867177727233475_n.jpg\" alt=\"\" class=\"wp-image-4437\" srcset=\"https:\/\/www.muzejsarajeva.ba\/wp-content\/uploads\/2025\/11\/572489019_122106292089074387_7090867177727233475_n.jpg 590w, https:\/\/www.muzejsarajeva.ba\/wp-content\/uploads\/2025\/11\/572489019_122106292089074387_7090867177727233475_n-16x12.jpg 16w\" sizes=\"auto, (max-width: 590px) 100vw, 590px\" \/><\/figure>\n<\/figure>\n\n\n\n<p><\/p>","protected":false},"excerpt":{"rendered":"<p>Ju\u010der je direktorica Muzeja Sarajeva Indira Ku\u010duk-Sorgu\u010d s rado\u0161\u0107u i ponosom pozdravila sve prethodne aktivnosti Saveza bosanskohercegova\u010dkih udru\u017eenja \u201cConsilium Bosniacum\u201d i \u010destitala predsjedniku Damiru A. Sara\u010devi\u0107u na ustrajnom i visprenom radu na za\u0161titi i brizi za bosanskohercegova\u010dku historiju, istinu i sve druge vrijednosti koje iz toga proizilaze. Sara\u010devi\u0107 i Ku\u010duk-Sorgu\u010d su razgovarali o \u201cCvijetu Srebrenice\u201d [&hellip;]<\/p>","protected":false},"author":12,"featured_media":4437,"comment_status":"closed","ping_status":"closed","sticky":false,"template":"","format":"standard","meta":{"footnotes":""},"categories":[97],"tags":[],"class_list":["post-4433","post","type-post","status-publish","format-standard","has-post-thumbnail","hentry","category-novosti"],"_links":{"self":[{"href":"https:\/\/www.muzejsarajeva.ba\/en\/wp-json\/wp\/v2\/posts\/4433","targetHints":{"allow":["GET"]}}],"collection":[{"href":"https:\/\/www.muzejsarajeva.ba\/en\/wp-json\/wp\/v2\/posts"}],"about":[{"href":"https:\/\/www.muzejsarajeva.ba\/en\/wp-json\/wp\/v2\/types\/post"}],"author":[{"embeddable":true,"href":"https:\/\/www.muzejsarajeva.ba\/en\/wp-json\/wp\/v2\/users\/12"}],"replies":[{"embeddable":true,"href":"https:\/\/www.muzejsarajeva.ba\/en\/wp-json\/wp\/v2\/comments?post=4433"}],"version-history":[{"count":2,"href":"https:\/\/www.muzejsarajeva.ba\/en\/wp-json\/wp\/v2\/posts\/4433\/revisions"}],"predecessor-version":[{"id":4439,"href":"https:\/\/www.muzejsarajeva.ba\/en\/wp-json\/wp\/v2\/posts\/4433\/revisions\/4439"}],"wp:featuredmedia":[{"embeddable":true,"href":"https:\/\/www.muzejsarajeva.ba\/en\/wp-json\/wp\/v2\/media\/4437"}],"wp:attachment":[{"href":"https:\/\/www.muzejsarajeva.ba\/en\/wp-json\/wp\/v2\/media?parent=4433"}],"wp:term":[{"taxonomy":"category","embeddable":true,"href":"https:\/\/www.muzejsarajeva.ba\/en\/wp-json\/wp\/v2\/categories?post=4433"},{"taxonomy":"post_tag","embeddable":true,"href":"https:\/\/www.muzejsarajeva.ba\/en\/wp-json\/wp\/v2\/tags?post=4433"}],"curies":[{"name":"wp","href":"https:\/\/api.w.org\/{rel}","templated":true}]}}