{"id":4456,"date":"2025-11-14T10:55:38","date_gmt":"2025-11-14T10:55:38","guid":{"rendered":"https:\/\/www.muzejsarajeva.ba\/?p=4456"},"modified":"2025-11-21T11:06:46","modified_gmt":"2025-11-21T11:06:46","slug":"muzej-sarajeva-i-savez-bosanskohercegovackih-udruzenja-consilium-bosniacum-2-2","status":"publish","type":"post","link":"https:\/\/www.muzejsarajeva.ba\/en\/2025\/11\/14\/muzej-sarajeva-i-savez-bosanskohercegovackih-udruzenja-consilium-bosniacum-2-2\/","title":{"rendered":"Visits of Novi Grad schools to the Museum of Sarajevo"},"content":{"rendered":"<p>U okviru programa koji podr\u017eava Op\u0107ina Novi Grad, u\u010denici osnovnih \u0161kola \u201e\u0106amil Sijari\u0107\u201c i \u201eMehmedalija Mak Dizdar\u201c posjetili su danas de<a><\/a>As part of a program supported by the Municipality of Novi Grad, students from the primary schools \u201c\u0106amil Sijari\u0107\u201d and \u201cMehmedalija Mak Dizdar\u201d visited the Museum of Sarajevo\u2019s depandances \u2014 Despi\u0107a House and Brusa Bezistan.<\/p>\n\n\n\n<p>Our museum education team introduced the students to Sarajevo\u2019s rich cultural and historical heritage, bringing them closer to the stories that embody the spirit of our city. <\/p>\n\n\n\n<p>A heartfelt thank you to the Municipality of Novi Grad for supporting the promotion of culture and education among our youngest generations!<\/p>\n\n\n\n<p><\/p>\n\n\n\n<figure class=\"wp-block-gallery has-nested-images columns-default is-cropped wp-block-gallery-1 is-layout-flex wp-block-gallery-is-layout-flex\">\n<figure class=\"wp-block-image size-large is-style-default\"><img loading=\"lazy\" decoding=\"async\" width=\"1024\" height=\"1024\" data-id=\"4459\" src=\"https:\/\/www.muzejsarajeva.ba\/wp-content\/uploads\/2025\/11\/577069439_122108944869074387_919578349388838985_n-1024x1024.jpg\" alt=\"\" class=\"wp-image-4459\" srcset=\"https:\/\/www.muzejsarajeva.ba\/wp-content\/uploads\/2025\/11\/577069439_122108944869074387_919578349388838985_n-1024x1024.jpg 1024w, https:\/\/www.muzejsarajeva.ba\/wp-content\/uploads\/2025\/11\/577069439_122108944869074387_919578349388838985_n-300x300.jpg 300w, https:\/\/www.muzejsarajeva.ba\/wp-content\/uploads\/2025\/11\/577069439_122108944869074387_919578349388838985_n-150x150.jpg 150w\" sizes=\"auto, (max-width: 1024px) 100vw, 1024px\" \/><\/figure>\n\n\n\n<figure class=\"wp-block-image size-large\"><img loading=\"lazy\" decoding=\"async\" width=\"1024\" height=\"1024\" data-id=\"4457\" src=\"https:\/\/www.muzejsarajeva.ba\/wp-content\/uploads\/2025\/11\/577070358_122108945091074387_5922931184406194467_n-1024x1024.jpg\" alt=\"\" class=\"wp-image-4457\" srcset=\"https:\/\/www.muzejsarajeva.ba\/wp-content\/uploads\/2025\/11\/577070358_122108945091074387_5922931184406194467_n-1024x1024.jpg 1024w, https:\/\/www.muzejsarajeva.ba\/wp-content\/uploads\/2025\/11\/577070358_122108945091074387_5922931184406194467_n-300x300.jpg 300w, https:\/\/www.muzejsarajeva.ba\/wp-content\/uploads\/2025\/11\/577070358_122108945091074387_5922931184406194467_n-150x150.jpg 150w\" sizes=\"auto, (max-width: 1024px) 100vw, 1024px\" \/><\/figure>\n\n\n\n<figure class=\"wp-block-image size-large\"><img loading=\"lazy\" decoding=\"async\" width=\"1024\" height=\"1024\" data-id=\"4458\" src=\"https:\/\/www.muzejsarajeva.ba\/wp-content\/uploads\/2025\/11\/577407656_122108944989074387_2538079632106873369_n-1024x1024.jpg\" alt=\"\" class=\"wp-image-4458\" srcset=\"https:\/\/www.muzejsarajeva.ba\/wp-content\/uploads\/2025\/11\/577407656_122108944989074387_2538079632106873369_n-1024x1024.jpg 1024w, https:\/\/www.muzejsarajeva.ba\/wp-content\/uploads\/2025\/11\/577407656_122108944989074387_2538079632106873369_n-300x300.jpg 300w, https:\/\/www.muzejsarajeva.ba\/wp-content\/uploads\/2025\/11\/577407656_122108944989074387_2538079632106873369_n-150x150.jpg 150w\" sizes=\"auto, (max-width: 1024px) 100vw, 1024px\" \/><\/figure>\n\n\n\n<figure class=\"wp-block-image size-large\"><img loading=\"lazy\" decoding=\"async\" width=\"1024\" height=\"1024\" data-id=\"4462\" src=\"https:\/\/www.muzejsarajeva.ba\/wp-content\/uploads\/2025\/11\/577890017_122108945337074387_7142570104195224276_n-1024x1024.jpg\" alt=\"\" class=\"wp-image-4462\" srcset=\"https:\/\/www.muzejsarajeva.ba\/wp-content\/uploads\/2025\/11\/577890017_122108945337074387_7142570104195224276_n-1024x1024.jpg 1024w, https:\/\/www.muzejsarajeva.ba\/wp-content\/uploads\/2025\/11\/577890017_122108945337074387_7142570104195224276_n-300x300.jpg 300w, https:\/\/www.muzejsarajeva.ba\/wp-content\/uploads\/2025\/11\/577890017_122108945337074387_7142570104195224276_n-150x150.jpg 150w\" sizes=\"auto, (max-width: 1024px) 100vw, 1024px\" \/><\/figure>\n\n\n\n<figure class=\"wp-block-image size-large\"><img loading=\"lazy\" decoding=\"async\" width=\"1024\" height=\"1024\" data-id=\"4460\" src=\"https:\/\/www.muzejsarajeva.ba\/wp-content\/uploads\/2025\/11\/579377515_122108944953074387_5982805988410473022_n-1024x1024.jpg\" alt=\"\" class=\"wp-image-4460\" srcset=\"https:\/\/www.muzejsarajeva.ba\/wp-content\/uploads\/2025\/11\/579377515_122108944953074387_5982805988410473022_n-1024x1024.jpg 1024w, https:\/\/www.muzejsarajeva.ba\/wp-content\/uploads\/2025\/11\/579377515_122108944953074387_5982805988410473022_n-300x300.jpg 300w, https:\/\/www.muzejsarajeva.ba\/wp-content\/uploads\/2025\/11\/579377515_122108944953074387_5982805988410473022_n-150x150.jpg 150w\" sizes=\"auto, (max-width: 1024px) 100vw, 1024px\" \/><\/figure>\n\n\n\n<figure class=\"wp-block-image size-large\"><img loading=\"lazy\" decoding=\"async\" width=\"1024\" height=\"1024\" data-id=\"4461\" src=\"https:\/\/www.muzejsarajeva.ba\/wp-content\/uploads\/2025\/11\/579508445_122108945217074387_1525052820096400507_n-1024x1024.jpg\" alt=\"\" class=\"wp-image-4461\" srcset=\"https:\/\/www.muzejsarajeva.ba\/wp-content\/uploads\/2025\/11\/579508445_122108945217074387_1525052820096400507_n-1024x1024.jpg 1024w, https:\/\/www.muzejsarajeva.ba\/wp-content\/uploads\/2025\/11\/579508445_122108945217074387_1525052820096400507_n-300x300.jpg 300w, https:\/\/www.muzejsarajeva.ba\/wp-content\/uploads\/2025\/11\/579508445_122108945217074387_1525052820096400507_n-150x150.jpg 150w\" sizes=\"auto, (max-width: 1024px) 100vw, 1024px\" \/><\/figure>\n\n\n\n<figure class=\"wp-block-image size-large\"><img loading=\"lazy\" decoding=\"async\" width=\"1024\" height=\"1024\" data-id=\"4463\" src=\"https:\/\/www.muzejsarajeva.ba\/wp-content\/uploads\/2025\/11\/581044590_122108944815074387_4626777026220352630_n-1024x1024.jpg\" alt=\"\" class=\"wp-image-4463\" srcset=\"https:\/\/www.muzejsarajeva.ba\/wp-content\/uploads\/2025\/11\/581044590_122108944815074387_4626777026220352630_n-1024x1024.jpg 1024w, https:\/\/www.muzejsarajeva.ba\/wp-content\/uploads\/2025\/11\/581044590_122108944815074387_4626777026220352630_n-300x300.jpg 300w, https:\/\/www.muzejsarajeva.ba\/wp-content\/uploads\/2025\/11\/581044590_122108944815074387_4626777026220352630_n-150x150.jpg 150w\" sizes=\"auto, (max-width: 1024px) 100vw, 1024px\" \/><\/figure>\n\n\n\n<figure class=\"wp-block-image size-large\"><img loading=\"lazy\" decoding=\"async\" width=\"1024\" height=\"1024\" data-id=\"4464\" src=\"https:\/\/www.muzejsarajeva.ba\/wp-content\/uploads\/2025\/11\/581304102_122108944779074387_3486524020403990971_n-1024x1024.jpg\" alt=\"\" class=\"wp-image-4464\" srcset=\"https:\/\/www.muzejsarajeva.ba\/wp-content\/uploads\/2025\/11\/581304102_122108944779074387_3486524020403990971_n-1024x1024.jpg 1024w, https:\/\/www.muzejsarajeva.ba\/wp-content\/uploads\/2025\/11\/581304102_122108944779074387_3486524020403990971_n-300x300.jpg 300w, https:\/\/www.muzejsarajeva.ba\/wp-content\/uploads\/2025\/11\/581304102_122108944779074387_3486524020403990971_n-150x150.jpg 150w\" sizes=\"auto, (max-width: 1024px) 100vw, 1024px\" \/><\/figure>\n<\/figure>\n\n\n\n<p><\/p>","protected":false},"excerpt":{"rendered":"<p>U okviru programa koji podr\u017eava Op\u0107ina Novi Grad, u\u010denici osnovnih \u0161kola \u201e\u0106amil Sijari\u0107\u201c i \u201eMehmedalija Mak Dizdar\u201c posjetili su danas depandanse Muzeja Sarajeva \u2014 Despi\u0107a ku\u0107u i Brusa bezistan. Na\u0161a muzejska pedago\u0161ka slu\u017eba predstavila je bogatu kulturno-historijsku ba\u0161tinu Sarajeva i pribli\u017eila u\u010denicima pri\u010de koje \u010dine duh na\u0161eg grada. Hvala Op\u0107ini Novi Grad na podr\u0161ci u [&hellip;]<\/p>","protected":false},"author":12,"featured_media":4464,"comment_status":"closed","ping_status":"closed","sticky":false,"template":"","format":"standard","meta":{"footnotes":""},"categories":[97],"tags":[],"class_list":["post-4456","post","type-post","status-publish","format-standard","has-post-thumbnail","hentry","category-novosti"],"_links":{"self":[{"href":"https:\/\/www.muzejsarajeva.ba\/en\/wp-json\/wp\/v2\/posts\/4456","targetHints":{"allow":["GET"]}}],"collection":[{"href":"https:\/\/www.muzejsarajeva.ba\/en\/wp-json\/wp\/v2\/posts"}],"about":[{"href":"https:\/\/www.muzejsarajeva.ba\/en\/wp-json\/wp\/v2\/types\/post"}],"author":[{"embeddable":true,"href":"https:\/\/www.muzejsarajeva.ba\/en\/wp-json\/wp\/v2\/users\/12"}],"replies":[{"embeddable":true,"href":"https:\/\/www.muzejsarajeva.ba\/en\/wp-json\/wp\/v2\/comments?post=4456"}],"version-history":[{"count":1,"href":"https:\/\/www.muzejsarajeva.ba\/en\/wp-json\/wp\/v2\/posts\/4456\/revisions"}],"predecessor-version":[{"id":4465,"href":"https:\/\/www.muzejsarajeva.ba\/en\/wp-json\/wp\/v2\/posts\/4456\/revisions\/4465"}],"wp:featuredmedia":[{"embeddable":true,"href":"https:\/\/www.muzejsarajeva.ba\/en\/wp-json\/wp\/v2\/media\/4464"}],"wp:attachment":[{"href":"https:\/\/www.muzejsarajeva.ba\/en\/wp-json\/wp\/v2\/media?parent=4456"}],"wp:term":[{"taxonomy":"category","embeddable":true,"href":"https:\/\/www.muzejsarajeva.ba\/en\/wp-json\/wp\/v2\/categories?post=4456"},{"taxonomy":"post_tag","embeddable":true,"href":"https:\/\/www.muzejsarajeva.ba\/en\/wp-json\/wp\/v2\/tags?post=4456"}],"curies":[{"name":"wp","href":"https:\/\/api.w.org\/{rel}","templated":true}]}}