{"id":4491,"date":"2025-11-14T14:08:23","date_gmt":"2025-11-14T14:08:23","guid":{"rendered":"https:\/\/www.muzejsarajeva.ba\/?p=4491"},"modified":"2025-11-26T13:20:01","modified_gmt":"2025-11-26T13:20:01","slug":"muzej-sarajeva-i-savez-bosanskohercegovackih-udruzenja-consilium-bosniacum-2-2-2-2-2-2","status":"publish","type":"post","link":"https:\/\/www.muzejsarajeva.ba\/en\/2025\/11\/14\/muzej-sarajeva-i-savez-bosanskohercegovackih-udruzenja-consilium-bosniacum-2-2-2-2-2-2\/","title":{"rendered":"Exhibition \"Sarajevo, my love\""},"content":{"rendered":"<p><\/p>\n\n\n\n<p>Dear friends and admirers of the life and work of Alija Hafizovi\u0107 \u2013 Haf, an authentic figure of our Sarajevo, lovers of caricature, visual arts and <a><\/a>music,\nwe warmly invite you to the opening of the exhibition \u201cSarajevo, My Love\u201d on Tuesday, 18 November 2025, at 1:00 PM, at the Novi Grad Municipality Gallery.\nIn cooperation with the Municipality of Novi Grad, the Sarajevo Museum is organizing this unique exhibition of caricature portraits by the artist Alija Hafizovi\u0107 Haf.<\/p>\n\n\n\n<p>The exhibition will present forty (40) caricatures\u2013portraits drawn by Haf. This collection of coloured caricature portraits, titled \u201cSarajlije\u201d, was created using the technique of coloured wash ink. The caricatures were made as part of the quiz show \u201cSeven Traps\u201d, broadcast in 1975. Haf drew the guests live during the show, and the following year (1976), the portrait-caricatures were presented at the Youth Theatre.<\/p>\n\n\n\n<p>From Haf\u2019s humorous perspective, we will see how his brush captured \u017deljko Bebek, Safet Isovi\u0107, Kemal Monteno, Mersad Berber, Ines Fan\u010dovi\u0107, Du\u0161ko Trifunovi\u0107, Safet Pa\u0161ali\u0107, Hajrudin \u201c\u0160iba\u201d Krvavac, Jovica Petkovi\u0107, Mirza Deliba\u0161i\u0107, Ljiljana Molnar-Talaji\u0107, Enver Mehmedba\u0161i\u0107, Zdravko \u010coli\u0107, Juraj Neidhardt, and many other well-known figures.<\/p>\n\n\n\n<p>Welcome!<\/p>\n\n\n\n<p>The exhibition will be open from 18 to 28 November 2025, from 10 AM to 4 PM, at the Novi Grad Gallery.<\/p>\n\n\n\n<p><\/p>\n\n\n\n<figure class=\"wp-block-gallery has-nested-images columns-default is-cropped wp-block-gallery-1 is-layout-flex wp-block-gallery-is-layout-flex\"><\/figure>\n\n\n\n<p><\/p>","protected":false},"excerpt":{"rendered":"<p>Po\u0161tovani prijatelji lika i djela Alije Hafizovi\u0107a Hafa &#8211; autenti\u010dne li\u010dnosti na\u0161ega Sarajeva, ljubitelji karikature, likovne umjetnosti i muzike, pozivamo vas na otvorenje izlo\u017ebe \u201cSarajevo, ljubavi moja\u201d u utorak, 18.11.2025. u 13 sati u Galeriju Op\u0107ine Novi Grad. Muzej Sarajeva u suradnji s Op\u0107inom Novi Grad, prire\u0111uje ovu neobi\u010dnu, nostalgi\u010dnu i duhovitu izlo\u017ebu karikaturalnog portreta [&hellip;]<\/p>","protected":false},"author":12,"featured_media":4492,"comment_status":"closed","ping_status":"closed","sticky":false,"template":"","format":"standard","meta":{"footnotes":""},"categories":[121,97],"tags":[],"class_list":["post-4491","post","type-post","status-publish","format-standard","has-post-thumbnail","hentry","category-izlozbe","category-novosti"],"_links":{"self":[{"href":"https:\/\/www.muzejsarajeva.ba\/en\/wp-json\/wp\/v2\/posts\/4491","targetHints":{"allow":["GET"]}}],"collection":[{"href":"https:\/\/www.muzejsarajeva.ba\/en\/wp-json\/wp\/v2\/posts"}],"about":[{"href":"https:\/\/www.muzejsarajeva.ba\/en\/wp-json\/wp\/v2\/types\/post"}],"author":[{"embeddable":true,"href":"https:\/\/www.muzejsarajeva.ba\/en\/wp-json\/wp\/v2\/users\/12"}],"replies":[{"embeddable":true,"href":"https:\/\/www.muzejsarajeva.ba\/en\/wp-json\/wp\/v2\/comments?post=4491"}],"version-history":[{"count":1,"href":"https:\/\/www.muzejsarajeva.ba\/en\/wp-json\/wp\/v2\/posts\/4491\/revisions"}],"predecessor-version":[{"id":4493,"href":"https:\/\/www.muzejsarajeva.ba\/en\/wp-json\/wp\/v2\/posts\/4491\/revisions\/4493"}],"wp:featuredmedia":[{"embeddable":true,"href":"https:\/\/www.muzejsarajeva.ba\/en\/wp-json\/wp\/v2\/media\/4492"}],"wp:attachment":[{"href":"https:\/\/www.muzejsarajeva.ba\/en\/wp-json\/wp\/v2\/media?parent=4491"}],"wp:term":[{"taxonomy":"category","embeddable":true,"href":"https:\/\/www.muzejsarajeva.ba\/en\/wp-json\/wp\/v2\/categories?post=4491"},{"taxonomy":"post_tag","embeddable":true,"href":"https:\/\/www.muzejsarajeva.ba\/en\/wp-json\/wp\/v2\/tags?post=4491"}],"curies":[{"name":"wp","href":"https:\/\/api.w.org\/{rel}","templated":true}]}}