{"id":4751,"date":"2025-11-21T10:50:56","date_gmt":"2025-11-21T10:50:56","guid":{"rendered":"https:\/\/www.muzejsarajeva.ba\/?p=4751"},"modified":"2025-12-01T13:36:55","modified_gmt":"2025-12-01T13:36:55","slug":"ispricaj-sarajevo-fotkom-zvukom-stripom","status":"publish","type":"post","link":"https:\/\/www.muzejsarajeva.ba\/en\/2025\/11\/21\/ispricaj-sarajevo-fotkom-zvukom-stripom\/","title":{"rendered":"Tell Sarajevo: with photos, sound, comics"},"content":{"rendered":"<p>As part of the project \u201cTell Sarajevo: with photos, sound, comics,\u201d the students of the High School of Graphic Technologies, Design and Multimedia worked diligently on new multimedia content about our annexes. <\/p>\n\n\n\n<p>They filmed a short documentary about Brusa Bezistan with museum advisor Adnan Muftarevi\u0107, exploring its rich history and its special role in the Sarajevo bazaar.<\/p>\n\n\n\n<p>They also recorded a podcast today about the Despi\u0107 House with museum pedagogue Senad Ku\u010d, through which they shared stories and interesting facts about this unique space of family and urban tradition.<\/p>\n\n\n\n<p>We are soon preparing an exhibition where we will present their works, creative processes, and the young artists\u2019 perspective on Sarajevo\u2019s cultural heritage.<\/p>\n\n\n\n\n\n<figure class=\"wp-block-gallery has-nested-images columns-default is-cropped wp-block-gallery-1 is-layout-flex wp-block-gallery-is-layout-flex\">\n<figure class=\"wp-block-image size-large\"><img loading=\"lazy\" decoding=\"async\" width=\"1024\" height=\"1024\" data-id=\"4757\" src=\"https:\/\/www.muzejsarajeva.ba\/wp-content\/uploads\/2025\/11\/561643863_122110842735074387_5757499546994931405_n-1024x1024.jpg\" alt=\"\" class=\"wp-image-4757\" srcset=\"https:\/\/www.muzejsarajeva.ba\/wp-content\/uploads\/2025\/11\/561643863_122110842735074387_5757499546994931405_n-1024x1024.jpg 1024w, https:\/\/www.muzejsarajeva.ba\/wp-content\/uploads\/2025\/11\/561643863_122110842735074387_5757499546994931405_n-300x300.jpg 300w, https:\/\/www.muzejsarajeva.ba\/wp-content\/uploads\/2025\/11\/561643863_122110842735074387_5757499546994931405_n-150x150.jpg 150w\" sizes=\"auto, (max-width: 1024px) 100vw, 1024px\" \/><\/figure>\n\n\n\n<figure class=\"wp-block-image size-large\"><img loading=\"lazy\" decoding=\"async\" width=\"1024\" height=\"812\" data-id=\"4752\" src=\"https:\/\/www.muzejsarajeva.ba\/wp-content\/uploads\/2025\/11\/587104315_122110842765074387_5211785107369081817_n-1024x812.jpg\" alt=\"\" class=\"wp-image-4752\"\/><\/figure>\n<\/figure>","protected":false},"excerpt":{"rendered":"<p>U sklopu projekta &#8220;Ispri\u010daj Sarajevo: fotkom, zvukom, stripom&#8221;, u\u010denici Srednje tehni\u010dke \u0161kole grafi\u010dkih tehnologija dizajna i multimedije vrijedno su radili na novim multimedijalnim sadr\u017eajima o na\u0161im depandansima. Snimili su kratki dokumentarni film o Brusa Bezistanu sa muzejskim savjetnikom Adnanom Muftarevi\u0107em istra\u017euju\u0107i njegovu bogatu historiju i posebnu ulogu u sarajevskoj \u010dar\u0161iji. Danas su snimili i podkast [&hellip;]<\/p>","protected":false},"author":12,"featured_media":4752,"comment_status":"closed","ping_status":"closed","sticky":false,"template":"","format":"standard","meta":{"footnotes":""},"categories":[97],"tags":[],"class_list":["post-4751","post","type-post","status-publish","format-standard","has-post-thumbnail","hentry","category-novosti"],"_links":{"self":[{"href":"https:\/\/www.muzejsarajeva.ba\/en\/wp-json\/wp\/v2\/posts\/4751","targetHints":{"allow":["GET"]}}],"collection":[{"href":"https:\/\/www.muzejsarajeva.ba\/en\/wp-json\/wp\/v2\/posts"}],"about":[{"href":"https:\/\/www.muzejsarajeva.ba\/en\/wp-json\/wp\/v2\/types\/post"}],"author":[{"embeddable":true,"href":"https:\/\/www.muzejsarajeva.ba\/en\/wp-json\/wp\/v2\/users\/12"}],"replies":[{"embeddable":true,"href":"https:\/\/www.muzejsarajeva.ba\/en\/wp-json\/wp\/v2\/comments?post=4751"}],"version-history":[{"count":1,"href":"https:\/\/www.muzejsarajeva.ba\/en\/wp-json\/wp\/v2\/posts\/4751\/revisions"}],"predecessor-version":[{"id":4761,"href":"https:\/\/www.muzejsarajeva.ba\/en\/wp-json\/wp\/v2\/posts\/4751\/revisions\/4761"}],"wp:featuredmedia":[{"embeddable":true,"href":"https:\/\/www.muzejsarajeva.ba\/en\/wp-json\/wp\/v2\/media\/4752"}],"wp:attachment":[{"href":"https:\/\/www.muzejsarajeva.ba\/en\/wp-json\/wp\/v2\/media?parent=4751"}],"wp:term":[{"taxonomy":"category","embeddable":true,"href":"https:\/\/www.muzejsarajeva.ba\/en\/wp-json\/wp\/v2\/categories?post=4751"},{"taxonomy":"post_tag","embeddable":true,"href":"https:\/\/www.muzejsarajeva.ba\/en\/wp-json\/wp\/v2\/tags?post=4751"}],"curies":[{"name":"wp","href":"https:\/\/api.w.org\/{rel}","templated":true}]}}