{"id":5100,"date":"2026-01-13T14:26:27","date_gmt":"2026-01-13T14:26:27","guid":{"rendered":"https:\/\/www.muzejsarajeva.ba\/?p=5100"},"modified":"2026-01-29T11:53:27","modified_gmt":"2026-01-29T11:53:27","slug":"despica-kuca-sutra-otvara-vrata-uz-besplatan-ulaz-2-2-2-2-2-2","status":"publish","type":"post","link":"https:\/\/www.muzejsarajeva.ba\/en\/2026\/01\/13\/despica-kuca-sutra-otvara-vrata-uz-besplatan-ulaz-2-2-2-2-2-2\/","title":{"rendered":"Do you know who the town crier was ?"},"content":{"rendered":"<p>At a <a><\/a>time when there was no radio, television, or social media, Sarajevo had a town crier.<\/p>\n\n\n\n<p>He was the voice of the bazaar and the neighbourhoods, a man who brought news directly to the people.<\/p>\n\n\n\n<p>Before making any announcement, the town crier would beat a drum , signaling that an important message was about to be delivered.<\/p>\n\n\n\n<p>Sales and purchases, official orders, public calls, and news were spread by voice, remembered on the move, and passed from person to person.<\/p>\n\n\n\n<p> An original town crier\u2019s drum can be seen today in the permanent exhibition of Brusa Bezistan \u2013 a small witness to the everyday life of old Sarajevo.<\/p>","protected":false},"excerpt":{"rendered":"<p>U vrijeme kada nije bilo radija, televizije ni dru\u0161tvenih mre\u017ea, Sarajevo je imalo telala. On je bio glas \u010dar\u0161ije i mahala, \u010dovjek koji je vijesti donosio direktno me\u0111u ljude. Prije svake objave, telal bi udario u dobo\u0161, daju\u0107i znak da slijedi va\u017ena obavijest. Prodaje i kupovine, naredbe vlasti, pozivi i novosti prenosili su se glasom, [&hellip;]<\/p>","protected":false},"author":12,"featured_media":5101,"comment_status":"closed","ping_status":"closed","sticky":false,"template":"","format":"standard","meta":{"footnotes":""},"categories":[97],"tags":[],"class_list":["post-5100","post","type-post","status-publish","format-standard","has-post-thumbnail","hentry","category-novosti"],"_links":{"self":[{"href":"https:\/\/www.muzejsarajeva.ba\/en\/wp-json\/wp\/v2\/posts\/5100","targetHints":{"allow":["GET"]}}],"collection":[{"href":"https:\/\/www.muzejsarajeva.ba\/en\/wp-json\/wp\/v2\/posts"}],"about":[{"href":"https:\/\/www.muzejsarajeva.ba\/en\/wp-json\/wp\/v2\/types\/post"}],"author":[{"embeddable":true,"href":"https:\/\/www.muzejsarajeva.ba\/en\/wp-json\/wp\/v2\/users\/12"}],"replies":[{"embeddable":true,"href":"https:\/\/www.muzejsarajeva.ba\/en\/wp-json\/wp\/v2\/comments?post=5100"}],"version-history":[{"count":1,"href":"https:\/\/www.muzejsarajeva.ba\/en\/wp-json\/wp\/v2\/posts\/5100\/revisions"}],"predecessor-version":[{"id":5102,"href":"https:\/\/www.muzejsarajeva.ba\/en\/wp-json\/wp\/v2\/posts\/5100\/revisions\/5102"}],"wp:featuredmedia":[{"embeddable":true,"href":"https:\/\/www.muzejsarajeva.ba\/en\/wp-json\/wp\/v2\/media\/5101"}],"wp:attachment":[{"href":"https:\/\/www.muzejsarajeva.ba\/en\/wp-json\/wp\/v2\/media?parent=5100"}],"wp:term":[{"taxonomy":"category","embeddable":true,"href":"https:\/\/www.muzejsarajeva.ba\/en\/wp-json\/wp\/v2\/categories?post=5100"},{"taxonomy":"post_tag","embeddable":true,"href":"https:\/\/www.muzejsarajeva.ba\/en\/wp-json\/wp\/v2\/tags?post=5100"}],"curies":[{"name":"wp","href":"https:\/\/api.w.org\/{rel}","templated":true}]}}