{"id":5325,"date":"2026-03-06T14:24:42","date_gmt":"2026-03-06T14:24:42","guid":{"rendered":"https:\/\/www.muzejsarajeva.ba\/?p=5325"},"modified":"2026-03-23T13:07:21","modified_gmt":"2026-03-23T13:07:21","slug":"muzealci-muzeja-sarajeva-na-zajednickom-iftaru","status":"publish","type":"post","link":"https:\/\/www.muzejsarajeva.ba\/en\/2026\/03\/06\/muzealci-muzeja-sarajeva-na-zajednickom-iftaru\/","title":{"rendered":"The Museum of Sarajevo Staff at a Joint Iftar"},"content":{"rendered":"<p>Last night we gathered for iftar at the Galija restaurant, grateful for everything we have and for what we have achieved in strengthening the Museum\u2019s capacities and programme activities. The 25 members of our museum team share positive energy and, together on this ship called the Museum of Sarajevo, we sail with raised sails through the sometimes calm and sometimes turbulent sea of Bosnia and Herzegovina\u2019s cultural life.<\/p>\n\n\n\n<p>We are happy to show that love for heritage transcends all personal differences.<\/p>","protected":false},"excerpt":{"rendered":"<p>Sino\u0107 smo se iftarili u restoranu Galija, zahvalni za sve \u0161to imamo i \u0161to smo postigli na putu ja\u010danja muzejskih kapaciteta i programskih aktivnosti. Nas 25 muzealaca \u0161irimo me\u0111u sobom dobru energiju i svi na ovom brodu \u0161to se zove Muzej Sarajeva plovimo s uzdignutim jedrima nekad mirnim, a nekad uzburkanim morem \u0161to je bh. [&hellip;]<\/p>","protected":false},"author":12,"featured_media":5326,"comment_status":"closed","ping_status":"closed","sticky":false,"template":"","format":"standard","meta":{"footnotes":""},"categories":[97],"tags":[],"class_list":["post-5325","post","type-post","status-publish","format-standard","has-post-thumbnail","hentry","category-novosti"],"_links":{"self":[{"href":"https:\/\/www.muzejsarajeva.ba\/en\/wp-json\/wp\/v2\/posts\/5325","targetHints":{"allow":["GET"]}}],"collection":[{"href":"https:\/\/www.muzejsarajeva.ba\/en\/wp-json\/wp\/v2\/posts"}],"about":[{"href":"https:\/\/www.muzejsarajeva.ba\/en\/wp-json\/wp\/v2\/types\/post"}],"author":[{"embeddable":true,"href":"https:\/\/www.muzejsarajeva.ba\/en\/wp-json\/wp\/v2\/users\/12"}],"replies":[{"embeddable":true,"href":"https:\/\/www.muzejsarajeva.ba\/en\/wp-json\/wp\/v2\/comments?post=5325"}],"version-history":[{"count":1,"href":"https:\/\/www.muzejsarajeva.ba\/en\/wp-json\/wp\/v2\/posts\/5325\/revisions"}],"predecessor-version":[{"id":5327,"href":"https:\/\/www.muzejsarajeva.ba\/en\/wp-json\/wp\/v2\/posts\/5325\/revisions\/5327"}],"wp:featuredmedia":[{"embeddable":true,"href":"https:\/\/www.muzejsarajeva.ba\/en\/wp-json\/wp\/v2\/media\/5326"}],"wp:attachment":[{"href":"https:\/\/www.muzejsarajeva.ba\/en\/wp-json\/wp\/v2\/media?parent=5325"}],"wp:term":[{"taxonomy":"category","embeddable":true,"href":"https:\/\/www.muzejsarajeva.ba\/en\/wp-json\/wp\/v2\/categories?post=5325"},{"taxonomy":"post_tag","embeddable":true,"href":"https:\/\/www.muzejsarajeva.ba\/en\/wp-json\/wp\/v2\/tags?post=5325"}],"curies":[{"name":"wp","href":"https:\/\/api.w.org\/{rel}","templated":true}]}}