{"id":5389,"date":"2026-03-31T08:14:49","date_gmt":"2026-03-31T08:14:49","guid":{"rendered":"https:\/\/www.muzejsarajeva.ba\/?p=5389"},"modified":"2026-04-17T13:35:36","modified_gmt":"2026-04-17T13:35:36","slug":"otvorenje-spomen-sobe-vejsil-curcic-i-izlozbe-arheoloski-foto-tragovi-u-brusa-bezistanu","status":"publish","type":"post","link":"https:\/\/www.muzejsarajeva.ba\/en\/2026\/03\/31\/otvorenje-spomen-sobe-vejsil-curcic-i-izlozbe-arheoloski-foto-tragovi-u-brusa-bezistanu\/","title":{"rendered":"Opening of the Memorial Room of Vejsil \u0106ur\u010di\u0107 and the exhibition \u201cArchaeological Photo Traces\u201d at the Brusa Bezistan"},"content":{"rendered":"<p>With great pleasure, we invite our loyal audience and all interested visitors to join us for the opening of the Memorial Room of Vejsil \u0106ur\u010di\u0107, the first formally educated archaeologist from Sarajevo and Bosnia and Herzegovina.<\/p>\n\n\n\n<p>\u0106ur\u010di\u0107 left us a rich legacy\u2014he was a pioneer in numerous fields of research, a dedicated and tireless worker, an innovator, a creator, and a guardian of heritage.<\/p>\n\n\n\n<p>Alongside the Memorial Room, we will also open the exhibition \u201cArchaeological Photo Traces of Vejsil \u0106ur\u010di\u0107\u201d by Prof. Dr. Adnan Kaljanac.<\/p>\n\n\n\n<p>Let us get to know the legacy of this great researcher and be among those who remember and honour their distinguished figures.<\/p>\n\n\n\n<p>Friday, April 3rd at 2 PM, Brusa Bezistan<\/p>\n\n\n\n<figure class=\"wp-block-image size-large\"><img loading=\"lazy\" decoding=\"async\" width=\"1024\" height=\"1024\" src=\"https:\/\/www.muzejsarajeva.ba\/wp-content\/uploads\/2026\/03\/unnamed-file-2-1024x1024.jpg\" alt=\"\" class=\"wp-image-5392\" srcset=\"https:\/\/www.muzejsarajeva.ba\/wp-content\/uploads\/2026\/03\/unnamed-file-2-1024x1024.jpg 1024w, https:\/\/www.muzejsarajeva.ba\/wp-content\/uploads\/2026\/03\/unnamed-file-2-300x300.jpg 300w, https:\/\/www.muzejsarajeva.ba\/wp-content\/uploads\/2026\/03\/unnamed-file-2-150x150.jpg 150w\" sizes=\"auto, (max-width: 1024px) 100vw, 1024px\" \/><\/figure>","protected":false},"excerpt":{"rendered":"<p>S posebnom rado\u0161\u0107u pozivamo na\u0161u vjernu publiku i sve zainteresirane da zajedno otvorimo Spomen-sobu Vejsila \u0106ur\u010di\u0107a, prvog diplomiranog sarajevskog i bh. arheologa. Ostavio nam je \u0106ur\u010di\u0107 mnogo toga, bio je pionir u mnogobrojnim istra\u017eiva\u010dkim oblastima, veliki pregalac, inovator, kreator i za\u0161titnik naslije\u0111a. z Spomen-sobu otvaramo i izlo\u017ebu \u201cArheolo\u0161ki foto tragovi Vejsila \u0106ur\u010di\u0107a\u201d autora prof. dr. [&hellip;]<\/p>","protected":false},"author":12,"featured_media":5362,"comment_status":"closed","ping_status":"closed","sticky":false,"template":"","format":"standard","meta":{"footnotes":""},"categories":[97],"tags":[],"class_list":["post-5389","post","type-post","status-publish","format-standard","has-post-thumbnail","hentry","category-novosti"],"_links":{"self":[{"href":"https:\/\/www.muzejsarajeva.ba\/en\/wp-json\/wp\/v2\/posts\/5389","targetHints":{"allow":["GET"]}}],"collection":[{"href":"https:\/\/www.muzejsarajeva.ba\/en\/wp-json\/wp\/v2\/posts"}],"about":[{"href":"https:\/\/www.muzejsarajeva.ba\/en\/wp-json\/wp\/v2\/types\/post"}],"author":[{"embeddable":true,"href":"https:\/\/www.muzejsarajeva.ba\/en\/wp-json\/wp\/v2\/users\/12"}],"replies":[{"embeddable":true,"href":"https:\/\/www.muzejsarajeva.ba\/en\/wp-json\/wp\/v2\/comments?post=5389"}],"version-history":[{"count":1,"href":"https:\/\/www.muzejsarajeva.ba\/en\/wp-json\/wp\/v2\/posts\/5389\/revisions"}],"predecessor-version":[{"id":5393,"href":"https:\/\/www.muzejsarajeva.ba\/en\/wp-json\/wp\/v2\/posts\/5389\/revisions\/5393"}],"wp:featuredmedia":[{"embeddable":true,"href":"https:\/\/www.muzejsarajeva.ba\/en\/wp-json\/wp\/v2\/media\/5362"}],"wp:attachment":[{"href":"https:\/\/www.muzejsarajeva.ba\/en\/wp-json\/wp\/v2\/media?parent=5389"}],"wp:term":[{"taxonomy":"category","embeddable":true,"href":"https:\/\/www.muzejsarajeva.ba\/en\/wp-json\/wp\/v2\/categories?post=5389"},{"taxonomy":"post_tag","embeddable":true,"href":"https:\/\/www.muzejsarajeva.ba\/en\/wp-json\/wp\/v2\/tags?post=5389"}],"curies":[{"name":"wp","href":"https:\/\/api.w.org\/{rel}","templated":true}]}}