{"id":5417,"date":"2026-04-04T10:53:21","date_gmt":"2026-04-04T10:53:21","guid":{"rendered":"https:\/\/www.muzejsarajeva.ba\/?p=5417"},"modified":"2026-04-22T09:23:25","modified_gmt":"2026-04-22T09:23:25","slug":"otvorena-spomen-soba-i-izlozba-posvecene-vejsilu-curcicu","status":"publish","type":"post","link":"https:\/\/www.muzejsarajeva.ba\/en\/2026\/04\/04\/otvorena-spomen-soba-i-izlozba-posvecene-vejsilu-curcicu\/","title":{"rendered":"Memorial Room and Exhibition Dedicated to Vejsil \u0106ur\u010di\u0107 Opened"},"content":{"rendered":"<div class=\"wpb-content-wrapper\"><div class=\"vc_row wpb_row vc_row-fluid bg-image-ps-inherit\"><div class=\"wpb_column vc_column_container vc_col-sm-12\"><div class=\"vc_column-inner\"><div class=\"wpb_wrapper\">\n\t<div class=\"wpb_text_column wpb_content_element\" >\n\t\t<div class=\"wpb_wrapper\">\n\t\t\t<p>Today, the Memorial Room dedicated to Vejsil \u0106ur\u010di\u0107 - the first formally educated archaeologist from Sarajevo and Bosnia and Herzegovina was opened at the Brusa Bezistan. The exhibition was authored and curated by Indira Ku\u010duk-Sorgu\u010d, museum advisor and director of the Museum of Sarajevo.<\/p>\n<p>Alongside the Memorial Room, the exhibition \u201cArchaeological Photo Traces of Vejsil \u0106ur\u010di\u0107\u201d by Prof. Dr. Adnan Kaljanac was also opened.<\/p>\n<p>The Vejsil \u0106ur\u010di\u0107 Memorial Room presents an authentic environment reflecting the life and work of the first trained Bosnian-Herzegovinian archaeologist\u2014a man who laid the foundations of archaeology, heritage protection, and scholarly reflection on the past in our country.<\/p>\n<p>The exhibited items are part of the \u0106ur\u010di\u0107 family legacy, donated to the Museum of Sarajevo. Thanks to this noble gesture, today we preserve not only objects, but also the spirit of an era.<\/p>\n<p>Zahvaljuju\u0107i toj plemenitoj gesti, danas ne \u010duvamo samo predmete ve\u0107 \u010duvamo i duh jednog vremena.<\/p>\n<p>From March 31 until today, the Academy of Sciences and Arts of Bosnia and Herzegovina, the University of Sarajevo \u2013 Faculty of Philosophy, the Museum of Sarajevo, and the relevant ministries\u2014the Ministry of Culture and Sport of the Sarajevo Canton and the Ministry for Science, Higher Education and Youth of the Sarajevo Canton\u2014have jointly and synchronously participated in the realization of a program dedicated to Vejsil \u0106ur\u010di\u0107.<\/p>\n<p>Vejsil \u0106ur\u010di\u0107 was a pioneer in many fields: he was among the first to introduce photography into archaeological documentation, he researched ste\u0107ak necropolises, and laid the foundations for their systematic scientific analysis of discovered finds and artifacts. His work was not only research, but also the creation of a methodology that endures to this day.<\/p>\n<p>At the opening program of the Memorial Room and exhibition, the large audience was addressed by Academician Blagoje Govedarica, Minister Du\u0161anka Bo\u0161kovi\u0107, Deputy Mayor Predrag Puhari\u0107, author of the monograph \u201cMene, doma\u0107eg sina\u201d and exhibition author Prof. Dr. Adnan Kaljanac, Director of the Museum of Sarajevo Indira Ku\u010duk-Sorgu\u010d, as well as members of the \u0106ur\u010di\u0107 family\u2014his grandson Darimir \u0106ur\u010di\u0107 and great-granddaughter Silvija Radi\u0107-To\u0161ovi\u0107.<\/p>\n<p>In a spirit of gratitude and respect towards the descendants of Vejsil \u0106ur\u010di\u0107\u2014without whom this story would not have been told\u2014unique, artistically signed wooden certificates of appreciation by artist Velija Hasanbegovi\u0107 were awarded to Zrinka Juri\u0161i\u0107, Dubravka Juri\u0161i\u0107, Darimir \u0106ur\u010di\u0107, and Silvija Radi\u0107-To\u0161ovi\u0107.<\/p>\n<p>The Vejsil \u0106ur\u010di\u0107 Memorial Room reminds us that the greatest ideas are often born in silence\u2014at a simple desk, by lamplight, in the meeting of curiosity and discipline.<\/p>\n<p>It is a space where traces of the past were recorded, traces that became the foundation of our understanding of history.<\/p>\n<p>The Vejsil \u0106ur\u010di\u0107 Memorial Room is open every day except Sunday at the Brusa Bezistan, while the exhibition will remain open until April 15, 2026. Admission is free.<\/p>\n<p>&nbsp;<\/p>\n<style id=\"bwg-style-0\">      #bwg_container1_0 #bwg_container2_0 #bwg_mosaic_thumbnails_div_0 {        width: 100%;        position: relative;        background-color: rgba(255, 255, 255, 0.00);        text-align: center;        justify-content: center;                  margin-left: auto;          margin-right: auto;                    padding-left: 2px;          padding-top: 2px;                }          #bwg_container1_0 #bwg_container2_0 .bwg_mosaic_thumb_spun_0 {        display: block;        position: absolute;\t\t\t\tborder-radius: 0;\t\t\t\tborder: 0px none #CCCCCC;    \t\t    \t\tbackground-color:rgba(0,0,0, 0.30);        -moz-box-sizing: content-box !important;        -webkit-box-sizing: content-box !important;        box-sizing: content-box !important;      }\t\t\t#bwg_container1_0 #bwg_container2_0 .bwg_mosaic_thumb_0 {\t\t\t\tdisplay: block;\t\t\t\t-moz-box-sizing: content-box !important;\t\t\t\t-webkit-box-sizing: content-box !important;\t\t\t\tbox-sizing: content-box !important;\t\t\t\tmargin: 0;\t\t\t\topacity: 1.00;\t\t\t}      #bwg_container1_0 #bwg_container2_0 .bwg_mosaic_thumb_spun_0:hover {        opacity: 1;        backface-visibility: hidden;        -webkit-backface-visibility: hidden;        -moz-backface-visibility: hidden;        -ms-backface-visibility: hidden;        z-index: 102;      }\t     @media only screen and (min-width: 480px) {\t\t#bwg_container1_0 #bwg_container2_0 .bwg-container-0.bwg-mosaic-thumbnails .bwg-item0 img {\t\t\t-webkit-transition: -webkit-transform .3s; transition: transform .3s;\t\t}\t\t#bwg_container1_0 #bwg_container2_0 .bwg-container-0.bwg-mosaic-thumbnails .bwg-item0 img:hover {\t\t\t-ms-transform: scale(1.08);\t\t\t-webkit-transform: scale(1.08);\t\t\ttransform: scale(1.08);\t\t}\t\t      }\t      #bwg_container1_0 #bwg_container2_0 .bwg_mosaic_thumbnails_0 {        background-color: rgba(255, 255, 255, 0.00);        font-size: 0;        position: relative;        text-align: center;        display: inline-block;        visibility: hidden;              }\t  \/*image title styles*\/      #bwg_container1_0 #bwg_container2_0 .bwg_mosaic_title_spun1_0,      #bwg_container1_0 #bwg_container2_0 .bwg-mosaic-thumbnails .bwg_ecommerce_spun1_0 {        position: absolute;        display: block;        opacity: 0;        box-sizing: border-box;        text-align: center;\t\t\t\ttop: 50%;\t\t\t\tleft: 50%;\t\t\t\ttransform: translate(-50%, -50%);      }      #bwg_container1_0 #bwg_container2_0 .bwg-mosaic-thumbnails .bwg_mosaic_title_spun2_0,      #bwg_container1_0 #bwg_container2_0 .bwg-mosaic-thumbnails .bwg_ecommerce_spun2_0 {\t\t    color: #323A45;        font-family: Ubuntu;        font-size: 16px;        font-weight: bold;        text-shadow: ;        vertical-align: middle;        word-wrap: break-word;      }            .bwg_mosaic_play_icon_spun_0 {        display: table;        position: absolute;        left: -10000px;        top: 0px;        opacity: 0;      }      .bwg_mosaic_play_icon_0 {        color: #323A45;        font-size: 32px;        vertical-align: middle;        display: table-cell !important;        z-index: 1;        text-align: center;        margin: 0 auto;      }      #bwg_container1_0 #bwg_container2_0 .bwg_gal_title_0 {        background-color: rgba(0, 0, 0, 0);        color: #323A45;        display: block;        font-family: Ubuntu;        font-size: 16px;        font-weight: bold;        padding: 2px;        text-shadow: ;        text-align: center;      }            @media screen and (max-width: 350px) {      div[class^=\"bwg_mosaic_thumbnails_\"],      span[class^=\"bwg_mosaic_thumb_spun_\"] {      width: 100% !important;      }      img[class^=\"bwg_mosaic_thumb_\"] {      width: 100% !important;      height: auto !important;      margin: 0px auto !important;      }      }      <\/style>    <div id=\"bwg_container1_0\"         class=\"bwg_container bwg_thumbnail bwg_thumbnails_mosaic\"         data-right-click-protection=\"0\"         data-bwg=\"0\"         data-scroll=\"0\"         data-gallery-type=\"thumbnails_mosaic\"         data-gallery-view-type=\"thumbnails_mosaic\"         data-current-url=\"\/en\/wp-json\/wp\/v2\/posts\/5417\"         data-lightbox-url=\"https:\/\/www.muzejsarajeva.ba\/wp-admin\/admin-ajax.php?action=GalleryBox&#038;current_view=0&#038;gallery_id=191&#038;tag=0&#038;theme_id=1&#038;shortcode_id=415&#038;sort_by=order&#038;order_by=asc&#038;current_url=%2Fen%2Fwp-json%2Fwp%2Fv2%2Fposts%2F5417\"         data-gallery-id=\"191\"         data-popup-width=\"800\"         data-popup-height=\"500\"         data-is-album=\"gallery\"         data-buttons-position=\"bottom\">      <div id=\"bwg_container2_0\">             <div id=\"ajax_loading_0\" class=\"bwg_loading_div_1\">      <div class=\"bwg_loading_div_2\">        <div class=\"bwg_loading_div_3\">          <div id=\"loading_div_0\" class=\"bwg_spider_ajax_loading\">          <\/div>        <\/div>      <\/div>    <\/div>            <form id=\"gal_front_form_0\"              class=\"bwg-hidden\"              method=\"post\"              action=\"#\"              data-current=\"0\"              data-shortcode-id=\"415\"              data-gallery-type=\"thumbnails_mosaic\"              data-gallery-id=\"191\"              data-tag=\"0\"              data-album-id=\"0\"              data-theme-id=\"1\"              data-ajax-url=\"https:\/\/www.muzejsarajeva.ba\/wp-admin\/admin-ajax.php?action=bwg_frontend_data\" data-trp-original-action=\"#\">          <div id=\"bwg_container3_0\" class=\"bwg-background bwg-background-0\">                <div id=\"bwg_mosaic_thumbnails_div_0\"         class=\"bwg-container-0 bwg-container bwg-mosaic-thumbnails\"         data-bwg=\"0\"         data-mosaic-direction=\"vertical\"         data-resizable=\"0\"         data-width=\"250\"         data-height=\"250\"         data-total-width=\"100\"         data-block-id=\"bwg_thumbnails_mosaic_0\"         data-thumb-padding=\"2\"         data-thumb-border=\"0\"         data-title-margin=\"2px\"         data-image-title=\"none\"         data-play-icon=\"0\"         data-ecommerce-icon=\"none\"         data-gallery-id=\"191\"         data-lightbox-url=\"https:\/\/www.muzejsarajeva.ba\/wp-admin\/admin-ajax.php?action=GalleryBox&#038;current_view=0&#038;gallery_id=191&#038;tag=0&#038;theme_id=1&#038;shortcode_id=415&#038;sort_by=order&#038;order_by=asc&#038;current_url=%2Fen%2Fwp-json%2Fwp%2Fv2%2Fposts%2F5417\"         data-mosaic-thumb-transition=\"1\"         style=\"visibility: hidden\" >      <div id=\"bwg_thumbnails_mosaic_0\" class=\"bwg_mosaic_thumbnails_0\">                  <a  class=\"bwg-a bwg_lightbox bwg_lightbox_0\" href=\"https:\/\/www.muzejsarajeva.ba\/wp-content\/uploads\/photo-gallery\/661951425_122100654344849379_6834607677890758100_n.jpg?bwg=1775299827\" data-image-id=\"1379\" data-elementor-open-lightbox=\"no\">          <div class=\"bwg_mosaic_thumb_spun_0 bwg-item0 bwg-mosaic-thumb-span\">            <img decoding=\"async\" class=\"bwg_mosaic_thumb_0 skip-lazy bwg_img_clear bwg_img_custom\"                 id=\"1379\"                 src=\"https:\/\/www.muzejsarajeva.ba\/wp-content\/uploads\/photo-gallery\/thumb\/661951425_122100654344849379_6834607677890758100_n.jpg?bwg=1775299827\"                 data-src=\"https:\/\/www.muzejsarajeva.ba\/wp-content\/uploads\/photo-gallery\/thumb\/661951425_122100654344849379_6834607677890758100_n.jpg?bwg=1775299827\"                 data-width=\"500.00\"                 data-height=\"282.00\"                 alt=\"661951425 122100654344849379 6834607677890758100 n\"                 title=\"661951425 122100654344849379 6834607677890758100 n\" \/>                      <\/div>        <\/a>                <a  class=\"bwg-a bwg_lightbox bwg_lightbox_0\" href=\"https:\/\/www.muzejsarajeva.ba\/wp-content\/uploads\/photo-gallery\/660307862_122100654620849379_900325253187138056_n.jpg?bwg=1775299827\" data-image-id=\"1376\" data-elementor-open-lightbox=\"no\">          <div class=\"bwg_mosaic_thumb_spun_0 bwg-item0 bwg-mosaic-thumb-span\">            <img decoding=\"async\" class=\"bwg_mosaic_thumb_0 skip-lazy bwg_img_clear bwg_img_custom\"                 id=\"1376\"                 src=\"https:\/\/www.muzejsarajeva.ba\/wp-content\/uploads\/photo-gallery\/thumb\/660307862_122100654620849379_900325253187138056_n.jpg?bwg=1775299827\"                 data-src=\"https:\/\/www.muzejsarajeva.ba\/wp-content\/uploads\/photo-gallery\/thumb\/660307862_122100654620849379_900325253187138056_n.jpg?bwg=1775299827\"                 data-width=\"500.00\"                 data-height=\"282.00\"                 alt=\"660307862 122100654620849379 900325253187138056 n\"                 title=\"660307862 122100654620849379 900325253187138056 n\" \/>                      <\/div>        <\/a>                <a  class=\"bwg-a bwg_lightbox bwg_lightbox_0\" href=\"https:\/\/www.muzejsarajeva.ba\/wp-content\/uploads\/photo-gallery\/659680200_122100654854849379_4659787688584507375_n.jpg?bwg=1775299827\" data-image-id=\"1374\" data-elementor-open-lightbox=\"no\">          <div class=\"bwg_mosaic_thumb_spun_0 bwg-item0 bwg-mosaic-thumb-span\">            <img decoding=\"async\" class=\"bwg_mosaic_thumb_0 skip-lazy bwg_img_clear bwg_img_custom\"                 id=\"1374\"                 src=\"https:\/\/www.muzejsarajeva.ba\/wp-content\/uploads\/photo-gallery\/thumb\/659680200_122100654854849379_4659787688584507375_n.jpg?bwg=1775299827\"                 data-src=\"https:\/\/www.muzejsarajeva.ba\/wp-content\/uploads\/photo-gallery\/thumb\/659680200_122100654854849379_4659787688584507375_n.jpg?bwg=1775299827\"                 data-width=\"500.00\"                 data-height=\"282.00\"                 alt=\"659680200 122100654854849379 4659787688584507375 n\"                 title=\"659680200 122100654854849379 4659787688584507375 n\" \/>                      <\/div>        <\/a>                <a  class=\"bwg-a bwg_lightbox bwg_lightbox_0\" href=\"https:\/\/www.muzejsarajeva.ba\/wp-content\/uploads\/photo-gallery\/661146018_122100654926849379_461940851242752757_n.jpg?bwg=1775299827\" data-image-id=\"1375\" data-elementor-open-lightbox=\"no\">          <div class=\"bwg_mosaic_thumb_spun_0 bwg-item0 bwg-mosaic-thumb-span\">            <img decoding=\"async\" class=\"bwg_mosaic_thumb_0 skip-lazy bwg_img_clear bwg_img_custom\"                 id=\"1375\"                 src=\"https:\/\/www.muzejsarajeva.ba\/wp-content\/uploads\/photo-gallery\/thumb\/661146018_122100654926849379_461940851242752757_n.jpg?bwg=1775299827\"                 data-src=\"https:\/\/www.muzejsarajeva.ba\/wp-content\/uploads\/photo-gallery\/thumb\/661146018_122100654926849379_461940851242752757_n.jpg?bwg=1775299827\"                 data-width=\"500.00\"                 data-height=\"282.00\"                 alt=\"661146018 122100654926849379 461940851242752757 n\"                 title=\"661146018 122100654926849379 461940851242752757 n\" \/>                      <\/div>        <\/a>                <a  class=\"bwg-a bwg_lightbox bwg_lightbox_0\" href=\"https:\/\/www.muzejsarajeva.ba\/wp-content\/uploads\/photo-gallery\/izlozba-spomen-soba-vejsil-curcic-ngrsa-3april26-1.webp?bwg=1775299827\" data-image-id=\"1380\" data-elementor-open-lightbox=\"no\">          <div class=\"bwg_mosaic_thumb_spun_0 bwg-item0 bwg-mosaic-thumb-span\">            <img decoding=\"async\" class=\"bwg_mosaic_thumb_0 skip-lazy bwg_img_clear bwg_img_custom\"                 id=\"1380\"                 src=\"https:\/\/www.muzejsarajeva.ba\/wp-content\/uploads\/photo-gallery\/thumb\/izlozba-spomen-soba-vejsil-curcic-ngrsa-3april26-1.webp?bwg=1775299827\"                 data-src=\"https:\/\/www.muzejsarajeva.ba\/wp-content\/uploads\/photo-gallery\/thumb\/izlozba-spomen-soba-vejsil-curcic-ngrsa-3april26-1.webp?bwg=1775299827\"                 data-width=\"500.00\"                 data-height=\"333.00\"                 alt=\"izlozba-spomen-soba-vejsil-curcic-ngrsa-3april26-1\"                 title=\"izlozba-spomen-soba-vejsil-curcic-ngrsa-3april26-1\" \/>                      <\/div>        <\/a>                <a  class=\"bwg-a bwg_lightbox bwg_lightbox_0\" href=\"https:\/\/www.muzejsarajeva.ba\/wp-content\/uploads\/photo-gallery\/666494117_122100655010849379_4849944815873812423_n.jpg?bwg=1775299827\" data-image-id=\"1381\" data-elementor-open-lightbox=\"no\">          <div class=\"bwg_mosaic_thumb_spun_0 bwg-item0 bwg-mosaic-thumb-span\">            <img decoding=\"async\" class=\"bwg_mosaic_thumb_0 skip-lazy bwg_img_clear bwg_img_custom\"                 id=\"1381\"                 src=\"https:\/\/www.muzejsarajeva.ba\/wp-content\/uploads\/photo-gallery\/thumb\/666494117_122100655010849379_4849944815873812423_n.jpg?bwg=1775299827\"                 data-src=\"https:\/\/www.muzejsarajeva.ba\/wp-content\/uploads\/photo-gallery\/thumb\/666494117_122100655010849379_4849944815873812423_n.jpg?bwg=1775299827\"                 data-width=\"500.00\"                 data-height=\"282.00\"                 alt=\"666494117 122100655010849379 4849944815873812423 n\"                 title=\"666494117 122100655010849379 4849944815873812423 n\" \/>                      <\/div>        <\/a>                <a  class=\"bwg-a bwg_lightbox bwg_lightbox_0\" href=\"https:\/\/www.muzejsarajeva.ba\/wp-content\/uploads\/photo-gallery\/izlozba-spomen-soba-vejsil-curcic-ngrsa-3april26-2.webp?bwg=1775299827\" data-image-id=\"1382\" data-elementor-open-lightbox=\"no\">          <div class=\"bwg_mosaic_thumb_spun_0 bwg-item0 bwg-mosaic-thumb-span\">            <img decoding=\"async\" class=\"bwg_mosaic_thumb_0 skip-lazy bwg_img_clear bwg_img_custom\"                 id=\"1382\"                 src=\"https:\/\/www.muzejsarajeva.ba\/wp-content\/uploads\/photo-gallery\/thumb\/izlozba-spomen-soba-vejsil-curcic-ngrsa-3april26-2.webp?bwg=1775299827\"                 data-src=\"https:\/\/www.muzejsarajeva.ba\/wp-content\/uploads\/photo-gallery\/thumb\/izlozba-spomen-soba-vejsil-curcic-ngrsa-3april26-2.webp?bwg=1775299827\"                 data-width=\"500.00\"                 data-height=\"333.00\"                 alt=\"izlozba-spomen-soba-vejsil-curcic-ngrsa-3april26-2\"                 title=\"izlozba-spomen-soba-vejsil-curcic-ngrsa-3april26-2\" \/>                      <\/div>        <\/a>                <a  class=\"bwg-a bwg_lightbox bwg_lightbox_0\" href=\"https:\/\/www.muzejsarajeva.ba\/wp-content\/uploads\/photo-gallery\/661633721_122100654980849379_1073919390185825852_n.jpg?bwg=1775299827\" data-image-id=\"1378\" data-elementor-open-lightbox=\"no\">          <div class=\"bwg_mosaic_thumb_spun_0 bwg-item0 bwg-mosaic-thumb-span\">            <img decoding=\"async\" class=\"bwg_mosaic_thumb_0 skip-lazy bwg_img_clear bwg_img_custom\"                 id=\"1378\"                 src=\"https:\/\/www.muzejsarajeva.ba\/wp-content\/uploads\/photo-gallery\/thumb\/661633721_122100654980849379_1073919390185825852_n.jpg?bwg=1775299827\"                 data-src=\"https:\/\/www.muzejsarajeva.ba\/wp-content\/uploads\/photo-gallery\/thumb\/661633721_122100654980849379_1073919390185825852_n.jpg?bwg=1775299827\"                 data-width=\"500.00\"                 data-height=\"244.00\"                 alt=\"661633721 122100654980849379 1073919390185825852 n\"                 title=\"661633721 122100654980849379 1073919390185825852 n\" \/>                      <\/div>        <\/a>                <a  class=\"bwg-a bwg_lightbox bwg_lightbox_0\" href=\"https:\/\/www.muzejsarajeva.ba\/wp-content\/uploads\/photo-gallery\/izlozba-spomen-soba-vejsil-curcic-ngrsa-3april26-13.webp?bwg=1775299827\" data-image-id=\"1387\" data-elementor-open-lightbox=\"no\">          <div class=\"bwg_mosaic_thumb_spun_0 bwg-item0 bwg-mosaic-thumb-span\">            <img decoding=\"async\" class=\"bwg_mosaic_thumb_0 skip-lazy bwg_img_clear bwg_img_custom\"                 id=\"1387\"                 src=\"https:\/\/www.muzejsarajeva.ba\/wp-content\/uploads\/photo-gallery\/thumb\/izlozba-spomen-soba-vejsil-curcic-ngrsa-3april26-13.webp?bwg=1775299827\"                 data-src=\"https:\/\/www.muzejsarajeva.ba\/wp-content\/uploads\/photo-gallery\/thumb\/izlozba-spomen-soba-vejsil-curcic-ngrsa-3april26-13.webp?bwg=1775299827\"                 data-width=\"500.00\"                 data-height=\"333.00\"                 alt=\"izlozba-spomen-soba-vejsil-curcic-ngrsa-3april26-13\"                 title=\"izlozba-spomen-soba-vejsil-curcic-ngrsa-3april26-13\" \/>                      <\/div>        <\/a>                <a  class=\"bwg-a bwg_lightbox bwg_lightbox_0\" href=\"https:\/\/www.muzejsarajeva.ba\/wp-content\/uploads\/photo-gallery\/izlozba-spomen-soba-vejsil-curcic-ngrsa-3april26-12.webp?bwg=1775299827\" data-image-id=\"1384\" data-elementor-open-lightbox=\"no\">          <div class=\"bwg_mosaic_thumb_spun_0 bwg-item0 bwg-mosaic-thumb-span\">            <img decoding=\"async\" class=\"bwg_mosaic_thumb_0 skip-lazy bwg_img_clear bwg_img_custom\"                 id=\"1384\"                 src=\"https:\/\/www.muzejsarajeva.ba\/wp-content\/uploads\/photo-gallery\/thumb\/izlozba-spomen-soba-vejsil-curcic-ngrsa-3april26-12.webp?bwg=1775299827\"                 data-src=\"https:\/\/www.muzejsarajeva.ba\/wp-content\/uploads\/photo-gallery\/thumb\/izlozba-spomen-soba-vejsil-curcic-ngrsa-3april26-12.webp?bwg=1775299827\"                 data-width=\"500.00\"                 data-height=\"333.00\"                 alt=\"izlozba-spomen-soba-vejsil-curcic-ngrsa-3april26-12\"                 title=\"izlozba-spomen-soba-vejsil-curcic-ngrsa-3april26-12\" \/>                      <\/div>        <\/a>                <a  class=\"bwg-a bwg_lightbox bwg_lightbox_0\" href=\"https:\/\/www.muzejsarajeva.ba\/wp-content\/uploads\/photo-gallery\/663270132_122100655052849379_5926683089147477389_n.jpg?bwg=1775299827\" data-image-id=\"1383\" data-elementor-open-lightbox=\"no\">          <div class=\"bwg_mosaic_thumb_spun_0 bwg-item0 bwg-mosaic-thumb-span\">            <img decoding=\"async\" class=\"bwg_mosaic_thumb_0 skip-lazy bwg_img_clear bwg_img_custom\"                 id=\"1383\"                 src=\"https:\/\/www.muzejsarajeva.ba\/wp-content\/uploads\/photo-gallery\/thumb\/663270132_122100655052849379_5926683089147477389_n.jpg?bwg=1775299827\"                 data-src=\"https:\/\/www.muzejsarajeva.ba\/wp-content\/uploads\/photo-gallery\/thumb\/663270132_122100655052849379_5926683089147477389_n.jpg?bwg=1775299827\"                 data-width=\"500.00\"                 data-height=\"227.00\"                 alt=\"663270132 122100655052849379 5926683089147477389 n\"                 title=\"663270132 122100655052849379 5926683089147477389 n\" \/>                      <\/div>        <\/a>                <a  class=\"bwg-a bwg_lightbox bwg_lightbox_0\" href=\"https:\/\/www.muzejsarajeva.ba\/wp-content\/uploads\/photo-gallery\/izlozba-spomen-soba-vejsil-curcic-ngrsa-3april26-8.webp?bwg=1775299827\" data-image-id=\"1386\" data-elementor-open-lightbox=\"no\">          <div class=\"bwg_mosaic_thumb_spun_0 bwg-item0 bwg-mosaic-thumb-span\">            <img decoding=\"async\" class=\"bwg_mosaic_thumb_0 skip-lazy bwg_img_clear bwg_img_custom\"                 id=\"1386\"                 src=\"https:\/\/www.muzejsarajeva.ba\/wp-content\/uploads\/photo-gallery\/thumb\/izlozba-spomen-soba-vejsil-curcic-ngrsa-3april26-8.webp?bwg=1775299827\"                 data-src=\"https:\/\/www.muzejsarajeva.ba\/wp-content\/uploads\/photo-gallery\/thumb\/izlozba-spomen-soba-vejsil-curcic-ngrsa-3april26-8.webp?bwg=1775299827\"                 data-width=\"500.00\"                 data-height=\"333.00\"                 alt=\"izlozba-spomen-soba-vejsil-curcic-ngrsa-3april26-8\"                 title=\"izlozba-spomen-soba-vejsil-curcic-ngrsa-3april26-8\" \/>                      <\/div>        <\/a>                <a  class=\"bwg-a bwg_lightbox bwg_lightbox_0\" href=\"https:\/\/www.muzejsarajeva.ba\/wp-content\/uploads\/photo-gallery\/izlozba-spomen-soba-vejsil-curcic-ngrsa-3april26-6.webp?bwg=1775299827\" data-image-id=\"1385\" data-elementor-open-lightbox=\"no\">          <div class=\"bwg_mosaic_thumb_spun_0 bwg-item0 bwg-mosaic-thumb-span\">            <img decoding=\"async\" class=\"bwg_mosaic_thumb_0 skip-lazy bwg_img_clear bwg_img_custom\"                 id=\"1385\"                 src=\"https:\/\/www.muzejsarajeva.ba\/wp-content\/uploads\/photo-gallery\/thumb\/izlozba-spomen-soba-vejsil-curcic-ngrsa-3april26-6.webp?bwg=1775299827\"                 data-src=\"https:\/\/www.muzejsarajeva.ba\/wp-content\/uploads\/photo-gallery\/thumb\/izlozba-spomen-soba-vejsil-curcic-ngrsa-3april26-6.webp?bwg=1775299827\"                 data-width=\"500.00\"                 data-height=\"333.00\"                 alt=\"izlozba-spomen-soba-vejsil-curcic-ngrsa-3april26-6\"                 title=\"izlozba-spomen-soba-vejsil-curcic-ngrsa-3april26-6\" \/>                      <\/div>        <\/a>            <\/div>    <\/div>    <style>      \/*pagination styles*\/      #bwg_container1_0 #bwg_container2_0 .tablenav-pages_0 {\t\t\t\ttext-align: center;\t\t\t\tfont-size: 12px;\t\t\t\tfont-family: Ubuntu;\t\t\t\tfont-weight: bold;\t\t\t\tcolor: #666666;\t\t\t\tmargin: 6px 0 4px;\t\t\t\tdisplay: block;      }      @media only screen and (max-width : 320px) {      #bwg_container1_0 #bwg_container2_0 .displaying-num_0 {     \t display: none;      }      }      #bwg_container1_0 #bwg_container2_0 .displaying-num_0 {\t\t\t\tfont-size: 12px;\t\t\t\tfont-family: Ubuntu;\t\t\t\tfont-weight: bold;\t\t\t\tcolor: #666666;\t\t\t\tmargin-right: 10px;\t\t\t\tvertical-align: middle;      }      #bwg_container1_0 #bwg_container2_0 .paging-input_0 {\t\t\t\tfont-size: 12px;\t\t\t\tfont-family: Ubuntu;\t\t\t\tfont-weight: bold;\t\t\t\tcolor: #666666;\t\t\t\tvertical-align: middle;      }      #bwg_container1_0 #bwg_container2_0 .tablenav-pages_0 a.disabled,      #bwg_container1_0 #bwg_container2_0 .tablenav-pages_0 a.disabled:hover,      #bwg_container1_0 #bwg_container2_0 .tablenav-pages_0 a.disabled:focus,\t\t\t#bwg_container1_0 #bwg_container2_0 .tablenav-pages_0 input.bwg_current_page {\t\t\t\tcursor: default;\t\t\t\tcolor: rgba(102, 102, 102, 0.5);      }      #bwg_container1_0 #bwg_container2_0 .tablenav-pages_0 a,      #bwg_container1_0 #bwg_container2_0 .tablenav-pages_0 input.bwg_current_page {\t\t\t\tcursor: pointer;\t\t\t\ttext-align: center;\t\t\t\tfont-size: 12px;\t\t\t\tfont-family: Ubuntu;\t\t\t\tfont-weight: bold;\t\t\t\tcolor: #666666;\t\t\t\ttext-decoration: none;\t\t\t\tpadding: 3px 6px;\t\t\t\tmargin: 0;\t\t\t\tborder-radius: 0;\t\t\t\tborder-style: solid;\t\t\t\tborder-width: 1px;\t\t\t\tborder-color: #E3E3E3;\t\t\t\t\t\t\t\tbackground-color: rgba(255, 255, 255, 1.00);\t\t\t\tbox-shadow: 0;\t\t\t\ttransition: all 0.3s ease 0s;-webkit-transition: all 0.3s ease 0s;      }      <\/style>      <span class=\"bwg_nav_cont_0\">              <div class=\"tablenav-pages_0\">                  <\/div>                <input type=\"hidden\" id=\"page_number_0\" name=\"page_number_0\" value=\"1\" \/>      <script type=\"text\/javascript\">        if( jQuery('.bwg_nav_cont_0').length > 1 ) {          jQuery('.bwg_nav_cont_0').first().remove()        }        function spider_page_0(cur, x, y, load_more) {          if (typeof load_more == \"undefined\") {            var load_more = false;          }          if (jQuery(cur).hasClass('disabled')) {            return false;          }          var items_county_0 = 1;          switch (y) {            case 1:              if (x >= items_county_0) {                document.getElementById('page_number_0').value = items_county_0;              }              else {                document.getElementById('page_number_0').value = x + 1;              }              break;            case 2:              document.getElementById('page_number_0').value = items_county_0;              break;            case -1:              if (x == 1) {                document.getElementById('page_number_0').value = 1;              }              else {                document.getElementById('page_number_0').value = x - 1;              }              break;            case -2:              document.getElementById('page_number_0').value = 1;              break;\t\t\t\t\t\tcase 0:              document.getElementById('page_number_0').value = x;              break;            default:              document.getElementById('page_number_0').value = 1;          }          bwg_ajax('gal_front_form_0', '0', 'bwg_thumbnails_mosaic_0', '0', '', 'gallery', 0, '', '', load_more, '', 1);        }                    jQuery('.first-page-0').on('click', function () {              spider_page_0(this, 1, -2, 'numeric');              return false;            });            jQuery('.prev-page-0').on('click', function () {              spider_page_0(this, 1, -1, 'numeric');              return false;            });            jQuery('.next-page-0').on('click', function () {              spider_page_0(this, 1, 1, 'numeric');              return false;            });            jQuery('.last-page-0').on('click', function () {              spider_page_0(this, 1, 2, 'numeric');              return false;            });        \t\t\t\t\/* Change page on input enter. *\/        function bwg_change_page_0( e, that ) {          if (  e.key == 'Enter' ) {            var to_page = parseInt(jQuery(that).val());            var pages_count = jQuery(that).parents(\".pagination-links\").data(\"pages-count\");            var current_url_param = jQuery(that).attr('data-url-info');            if (to_page > pages_count) {              to_page = 1;            }\t \t\t\t\t\t\t\t\t\t\t\t\tspider_page_0(this, to_page, 0, 'numeric');\t\t\t\t\t\t\treturn false;\t\t\t\t\t\t          }          return true;        }        jQuery('.bwg_load_btn_0').on('click', function () {            spider_page_0(this, 1, 1, true);            return false;        });      <\/script>      <\/span>                <\/div>        <input type=\"hidden\" name=\"trp-form-language\" value=\"en\"\/><\/form>        <style>          #bwg_container1_0 #bwg_container2_0 #spider_popup_overlay_0 {          background-color: #EEEEEE;          opacity: 0.60;          }          <\/style>        <div id=\"bwg_spider_popup_loading_0\" class=\"bwg_spider_popup_loading\"><\/div>        <div id=\"spider_popup_overlay_0\" class=\"spider_popup_overlay\" onclick=\"spider_destroypopup(1000)\"><\/div>        <input type=\"hidden\" id=\"bwg_random_seed_0\" value=\"27064723\">                <\/div>    <\/div>    <script>      if (document.readyState === 'complete') {        if( typeof bwg_main_ready == 'function' ) {          if ( jQuery(\"#bwg_container1_0\").height() ) {            bwg_main_ready(jQuery(\"#bwg_container1_0\"));          }        }      } else {        document.addEventListener('DOMContentLoaded', function() {          if( typeof bwg_main_ready == 'function' ) {            if ( jQuery(\"#bwg_container1_0\").height() ) {             bwg_main_ready(jQuery(\"#bwg_container1_0\"));            }          }        });      }    <\/script>    \n\n\t\t<\/div>\n\t<\/div>\n<\/div><\/div><\/div><\/div><\/div>","protected":false},"excerpt":{"rendered":"U Brusa Bezistanu danas je otvorena Spomen-soba posve\u0107ena Vejsilu \u0106ur\u010di\u0107u (1868-1959), prvom formalno obrazovanom arheologu iz Sarajeva i Bosne i Hercegovine koju je autorski postavila muzejska savjetnica i direktorica Muzeja Sarajeva Indira Ku\u010duk-Sorgu\u010d. Uz Spomen-sobu, otvorena je i izlo\u017eba \u201eArheolo\u0161ki foto tragovi Vejsila \u0106ur\u010di\u0107a\u201c autora prof. dr. Adnana Kaljanca. Spomen-soba Vejsila \u0106ur\u010di\u0107a predstavlja autenti\u010dan ambijent [...]","protected":false},"author":12,"featured_media":5418,"comment_status":"closed","ping_status":"closed","sticky":false,"template":"","format":"standard","meta":{"footnotes":""},"categories":[97],"tags":[],"class_list":["post-5417","post","type-post","status-publish","format-standard","has-post-thumbnail","hentry","category-novosti"],"_links":{"self":[{"href":"https:\/\/www.muzejsarajeva.ba\/en\/wp-json\/wp\/v2\/posts\/5417","targetHints":{"allow":["GET"]}}],"collection":[{"href":"https:\/\/www.muzejsarajeva.ba\/en\/wp-json\/wp\/v2\/posts"}],"about":[{"href":"https:\/\/www.muzejsarajeva.ba\/en\/wp-json\/wp\/v2\/types\/post"}],"author":[{"embeddable":true,"href":"https:\/\/www.muzejsarajeva.ba\/en\/wp-json\/wp\/v2\/users\/12"}],"replies":[{"embeddable":true,"href":"https:\/\/www.muzejsarajeva.ba\/en\/wp-json\/wp\/v2\/comments?post=5417"}],"version-history":[{"count":1,"href":"https:\/\/www.muzejsarajeva.ba\/en\/wp-json\/wp\/v2\/posts\/5417\/revisions"}],"predecessor-version":[{"id":5419,"href":"https:\/\/www.muzejsarajeva.ba\/en\/wp-json\/wp\/v2\/posts\/5417\/revisions\/5419"}],"wp:featuredmedia":[{"embeddable":true,"href":"https:\/\/www.muzejsarajeva.ba\/en\/wp-json\/wp\/v2\/media\/5418"}],"wp:attachment":[{"href":"https:\/\/www.muzejsarajeva.ba\/en\/wp-json\/wp\/v2\/media?parent=5417"}],"wp:term":[{"taxonomy":"category","embeddable":true,"href":"https:\/\/www.muzejsarajeva.ba\/en\/wp-json\/wp\/v2\/categories?post=5417"},{"taxonomy":"post_tag","embeddable":true,"href":"https:\/\/www.muzejsarajeva.ba\/en\/wp-json\/wp\/v2\/tags?post=5417"}],"curies":[{"name":"wp","href":"https:\/\/api.w.org\/{rel}","templated":true}]}}