{"id":5505,"date":"2026-04-27T08:21:06","date_gmt":"2026-04-27T08:21:06","guid":{"rendered":"https:\/\/www.muzejsarajeva.ba\/?p=5505"},"modified":"2026-04-27T08:21:07","modified_gmt":"2026-04-27T08:21:07","slug":"zanimljivosti-iz-zbirke-starog-oruzja-muzeja-sarajeva-2","status":"publish","type":"post","link":"https:\/\/www.muzejsarajeva.ba\/en\/2026\/04\/27\/zanimljivosti-iz-zbirke-starog-oruzja-muzeja-sarajeva-2\/","title":{"rendered":"Culture in focus for the youngest: Sarajevo Museum monograph presented"},"content":{"rendered":"<p>Today, the Director of the Sarajevo Museum, Indira Ku\u010duk Sorgu\u010d, accompanied by primary school students at the Book Fair and Learning Festival in Skenderija, presented the work of the Sarajevo Museum through the monograph \u201c75 Years of the Sarajevo Museum in the Service of Culture.\u201d The children showed interest in the profession of museology and asked to receive a copy of this valuable publication.<\/p>\n\n\n\n<p>As we can see, the monographs have gone into the right hands! It is wonderful to see that new generations in Bosnia and Herzegovina are growing up with an interest in culture, museums, history, and heritage. Welcome to the Sarajevo Museum!<\/p>\n\n\n\n<figure class=\"wp-block-image size-large is-resized\"><img loading=\"lazy\" decoding=\"async\" width=\"1024\" height=\"1024\" src=\"https:\/\/www.muzejsarajeva.ba\/wp-content\/uploads\/2026\/04\/679715230_122135890251074387_681557445743208782_n-1024x1024.jpg\" alt=\"\" class=\"wp-image-5507\" style=\"width:655px;height:auto\" srcset=\"https:\/\/www.muzejsarajeva.ba\/wp-content\/uploads\/2026\/04\/679715230_122135890251074387_681557445743208782_n-1024x1024.jpg 1024w, https:\/\/www.muzejsarajeva.ba\/wp-content\/uploads\/2026\/04\/679715230_122135890251074387_681557445743208782_n-300x300.jpg 300w, https:\/\/www.muzejsarajeva.ba\/wp-content\/uploads\/2026\/04\/679715230_122135890251074387_681557445743208782_n-150x150.jpg 150w\" sizes=\"auto, (max-width: 1024px) 100vw, 1024px\" \/><\/figure>","protected":false},"excerpt":{"rendered":"<p>Danas je direktorica Muzeja Sarajeva Indira Ku\u010duk Sorgu\u010d u dru\u0161tvu osnovaca na Sajmu knjiga i u\u010dila u Skenderiji, prezentirala rad Muzeja Sarajeva kroz monografiju \u201c75 godina Muzeja Sarajeva u slu\u017ebi kulture\u201d. Djeca su iskazala interes za profesiju muzeologa i zamolili da dobiju primjerak ove vrijedne publikacije. Monografije su, znamo, oti\u0161le u prave ruke! Lijepo je [&hellip;]<\/p>","protected":false},"author":12,"featured_media":5506,"comment_status":"closed","ping_status":"closed","sticky":false,"template":"","format":"standard","meta":{"footnotes":""},"categories":[98],"tags":[],"class_list":["post-5505","post","type-post","status-publish","format-standard","has-post-thumbnail","hentry","category-novosti-naslovna"],"_links":{"self":[{"href":"https:\/\/www.muzejsarajeva.ba\/en\/wp-json\/wp\/v2\/posts\/5505","targetHints":{"allow":["GET"]}}],"collection":[{"href":"https:\/\/www.muzejsarajeva.ba\/en\/wp-json\/wp\/v2\/posts"}],"about":[{"href":"https:\/\/www.muzejsarajeva.ba\/en\/wp-json\/wp\/v2\/types\/post"}],"author":[{"embeddable":true,"href":"https:\/\/www.muzejsarajeva.ba\/en\/wp-json\/wp\/v2\/users\/12"}],"replies":[{"embeddable":true,"href":"https:\/\/www.muzejsarajeva.ba\/en\/wp-json\/wp\/v2\/comments?post=5505"}],"version-history":[{"count":1,"href":"https:\/\/www.muzejsarajeva.ba\/en\/wp-json\/wp\/v2\/posts\/5505\/revisions"}],"predecessor-version":[{"id":5508,"href":"https:\/\/www.muzejsarajeva.ba\/en\/wp-json\/wp\/v2\/posts\/5505\/revisions\/5508"}],"wp:featuredmedia":[{"embeddable":true,"href":"https:\/\/www.muzejsarajeva.ba\/en\/wp-json\/wp\/v2\/media\/5506"}],"wp:attachment":[{"href":"https:\/\/www.muzejsarajeva.ba\/en\/wp-json\/wp\/v2\/media?parent=5505"}],"wp:term":[{"taxonomy":"category","embeddable":true,"href":"https:\/\/www.muzejsarajeva.ba\/en\/wp-json\/wp\/v2\/categories?post=5505"},{"taxonomy":"post_tag","embeddable":true,"href":"https:\/\/www.muzejsarajeva.ba\/en\/wp-json\/wp\/v2\/tags?post=5505"}],"curies":[{"name":"wp","href":"https:\/\/api.w.org\/{rel}","templated":true}]}}