{"id":5509,"date":"2026-04-27T08:23:42","date_gmt":"2026-04-27T08:23:42","guid":{"rendered":"https:\/\/www.muzejsarajeva.ba\/?p=5509"},"modified":"2026-04-27T08:23:43","modified_gmt":"2026-04-27T08:23:43","slug":"zanimljivosti-iz-zbirke-starog-oruzja-muzeja-sarajeva-3","status":"publish","type":"post","link":"https:\/\/www.muzejsarajeva.ba\/en\/2026\/04\/27\/zanimljivosti-iz-zbirke-starog-oruzja-muzeja-sarajeva-3\/","title":{"rendered":"A new lecture from the \u201cOur Heritage\u201d series dedicated to the reintegration of Sarajevo"},"content":{"rendered":"<p>On Wednesday, April 29, 2026, at 8:00 p.m., the 23rd lecture from the \u201cOur Heritage\u201d series will be held at the Sarajevo 1878\u20131918 Museum.<\/p>\n\n\n\n<p>Dr. Edin Omer\u010di\u0107, Research Associate at the Institute of History, will speak on the topic \u201cReintegration of Sarajevo.\u201d<\/p>\n\n\n\n<p>The lecture aims to present the dramatic events in Sarajevo following the conclusion of the General Framework Agreement for Peace in Bosnia and Herzegovina on November 21, 1995. It is based on archival materials from the ICTY, declassified CIA documents from the Clinton administration, memoirs of direct participants, relevant literature, and press reports.<\/p>\n\n\n\n<p>The agreement, signed at the Wright-Patterson Air Force Base near Dayton, led to the end of the war, the lifting of the blockade, the end of the siege of Sarajevo, and brought a form of peace to the population of the devastated city. The lecture will focus on the consequences and implementation of the Dayton decisions that enabled the reintegration of occupied parts of Sarajevo and its municipalities into a unified city under the authority of the Federation of Bosnia and Herzegovina.<\/p>\n\n\n\n<p>Edin Omer\u010di\u0107 was born in 1981 in Pula. He completed his primary and secondary education in Rovinj. He graduated from the Faculty of Philosophy in Sarajevo in 2007. Since 2008, he has been working at the Institute of History in Sarajevo. He obtained his master\u2019s degree in 2013 at the Faculty of Philosophy, University of Sarajevo. He is a member of the Association for Modern History in Sarajevo (UMHIS) and serves as secretary of the journal Historia Moderna Bosna &amp; Herzegovina. From 2017 to 2019, he was a member of the editorial board of the journal Behar, as well as the bimonthly journal of the Bosniak Cultural Society \u201cPreporod\u201d in Zagreb. He earned his PhD from the Faculty of Humanities and Social Sciences, University of Zagreb, in 2023.<\/p>","protected":false},"excerpt":{"rendered":"<p>U srijedu, 29.04.2026. u 20 sati u Muzeju Sarajevo 1878-1918, bit \u0107e odr\u017eano 23. predavanje iz ciklusa \u201cNa\u0161a ba\u0161tina\u201d. Na temu \u201cReintegracija Sarajeva\u201d govorit \u0107e dr. sc. Edin Omer\u010di\u0107, nau\u010dni saradnik Instituta za historiju. Kroz predavanje se nastoje prikazati dramati\u010dna zbivanja u Sarajevu nakon postizanja Op\u0107eg okvirnog sporazuma za mir u Bosni i Hercegovini 21.XI.1995. [&hellip;]<\/p>","protected":false},"author":12,"featured_media":5510,"comment_status":"closed","ping_status":"closed","sticky":false,"template":"","format":"standard","meta":{"footnotes":""},"categories":[98],"tags":[],"class_list":["post-5509","post","type-post","status-publish","format-standard","has-post-thumbnail","hentry","category-novosti-naslovna"],"_links":{"self":[{"href":"https:\/\/www.muzejsarajeva.ba\/en\/wp-json\/wp\/v2\/posts\/5509","targetHints":{"allow":["GET"]}}],"collection":[{"href":"https:\/\/www.muzejsarajeva.ba\/en\/wp-json\/wp\/v2\/posts"}],"about":[{"href":"https:\/\/www.muzejsarajeva.ba\/en\/wp-json\/wp\/v2\/types\/post"}],"author":[{"embeddable":true,"href":"https:\/\/www.muzejsarajeva.ba\/en\/wp-json\/wp\/v2\/users\/12"}],"replies":[{"embeddable":true,"href":"https:\/\/www.muzejsarajeva.ba\/en\/wp-json\/wp\/v2\/comments?post=5509"}],"version-history":[{"count":1,"href":"https:\/\/www.muzejsarajeva.ba\/en\/wp-json\/wp\/v2\/posts\/5509\/revisions"}],"predecessor-version":[{"id":5511,"href":"https:\/\/www.muzejsarajeva.ba\/en\/wp-json\/wp\/v2\/posts\/5509\/revisions\/5511"}],"wp:featuredmedia":[{"embeddable":true,"href":"https:\/\/www.muzejsarajeva.ba\/en\/wp-json\/wp\/v2\/media\/5510"}],"wp:attachment":[{"href":"https:\/\/www.muzejsarajeva.ba\/en\/wp-json\/wp\/v2\/media?parent=5509"}],"wp:term":[{"taxonomy":"category","embeddable":true,"href":"https:\/\/www.muzejsarajeva.ba\/en\/wp-json\/wp\/v2\/categories?post=5509"},{"taxonomy":"post_tag","embeddable":true,"href":"https:\/\/www.muzejsarajeva.ba\/en\/wp-json\/wp\/v2\/tags?post=5509"}],"curies":[{"name":"wp","href":"https:\/\/api.w.org\/{rel}","templated":true}]}}