{"id":5949,"date":"2026-09-01T14:21:44","date_gmt":"2026-09-01T14:21:44","guid":{"rendered":"https:\/\/www.muzejsarajeva.ba\/?p=5949"},"modified":"2026-09-01T14:21:44","modified_gmt":"2026-09-01T14:21:44","slug":"sporazum-o-saradnji","status":"publish","type":"post","link":"https:\/\/www.muzejsarajeva.ba\/en\/2026\/09\/01\/sporazum-o-saradnji\/","title":{"rendered":"Cooperation Agreement with the Museum of Islamic Culture and Art of Sarajevo"},"content":{"rendered":"<div class=\"wpb-content-wrapper\"><div class=\"vc_row wpb_row vc_row-fluid bg-image-ps-inherit\"><div class=\"wpb_column vc_column_container vc_col-sm-12\"><div class=\"vc_column-inner\"><div class=\"wpb_wrapper\">\n\t<div class=\"wpb_text_column wpb_content_element\" >\n\t\t<div class=\"wpb_wrapper\">\n\t\t\t<p>On 1 September 2026, the Museum of Sarajevo and the Museum of Islamic Culture and Art of Sarajevo signed a Cooperation Agreement.\n\nThe Director of the Museum of Sarajevo, Indira Ku\u010duk-Sorgu\u010d, stated that the opening of the Museum of Islamic Culture and Art marks a significant cultural milestone for Sarajevo and Bosnia and Herzegovina, as well as an event of profound symbolic and spiritual importance.<\/p>\n<p>The Museum of Sarajevo participated in the establishment of the new museum by providing exhibits, professional support, and expert guidance, as well as by acting as the principal museum institution of Sarajevo Canton throughout the registration process.<\/p>\n<p>The Director emphasized that the Museum of Sarajevo will continue to support the future museum and educational activities of the Museum of Islamic Culture and Art through its professional expertise and material resources.<\/p>\n<p>The Museum of Sarajevo is proud to have participated in this significant project and looks forward to future cooperation and new projects with the Museum of Islamic Culture and Art of Sarajevo.<\/p>\n\n\t\t<\/div>\n\t<\/div>\n<\/div><\/div><\/div><\/div>\n<\/div>","protected":false},"excerpt":{"rendered":"Izme\u0111u Muzeja Sarajeva i Muzeja islamske kulture i umjetnosti Sarajevo 1. septembra 2026. godine potpisan je sporazum o saradnji. Direktorica Muzeja Sarajeva Indira Ku\u010duk-Sorgu\u010d kazala je da je otvaranje Muzeja islamske kulture i umjetnosti veliki kulturni doga\u0111aj\u00a0 za Sarajevo i Bosnu i Hercegovinu, kao i da je to doga\u0111aj simboli\u010dkog i duhovnog zna\u010daja. Muzej Sarajeva [...]","protected":false},"author":12,"featured_media":5950,"comment_status":"closed","ping_status":"closed","sticky":false,"template":"","format":"standard","meta":{"footnotes":""},"categories":[98],"tags":[],"class_list":["post-5949","post","type-post","status-publish","format-standard","has-post-thumbnail","hentry","category-novosti-naslovna"],"_links":{"self":[{"href":"https:\/\/www.muzejsarajeva.ba\/en\/wp-json\/wp\/v2\/posts\/5949","targetHints":{"allow":["GET"]}}],"collection":[{"href":"https:\/\/www.muzejsarajeva.ba\/en\/wp-json\/wp\/v2\/posts"}],"about":[{"href":"https:\/\/www.muzejsarajeva.ba\/en\/wp-json\/wp\/v2\/types\/post"}],"author":[{"embeddable":true,"href":"https:\/\/www.muzejsarajeva.ba\/en\/wp-json\/wp\/v2\/users\/12"}],"replies":[{"embeddable":true,"href":"https:\/\/www.muzejsarajeva.ba\/en\/wp-json\/wp\/v2\/comments?post=5949"}],"version-history":[{"count":1,"href":"https:\/\/www.muzejsarajeva.ba\/en\/wp-json\/wp\/v2\/posts\/5949\/revisions"}],"predecessor-version":[{"id":5951,"href":"https:\/\/www.muzejsarajeva.ba\/en\/wp-json\/wp\/v2\/posts\/5949\/revisions\/5951"}],"wp:featuredmedia":[{"embeddable":true,"href":"https:\/\/www.muzejsarajeva.ba\/en\/wp-json\/wp\/v2\/media\/5950"}],"wp:attachment":[{"href":"https:\/\/www.muzejsarajeva.ba\/en\/wp-json\/wp\/v2\/media?parent=5949"}],"wp:term":[{"taxonomy":"category","embeddable":true,"href":"https:\/\/www.muzejsarajeva.ba\/en\/wp-json\/wp\/v2\/categories?post=5949"},{"taxonomy":"post_tag","embeddable":true,"href":"https:\/\/www.muzejsarajeva.ba\/en\/wp-json\/wp\/v2\/tags?post=5949"}],"curies":[{"name":"wp","href":"https:\/\/api.w.org\/{rel}","templated":true}]}}